{"id":25243,"date":"2024-09-02T13:44:09","date_gmt":"2024-09-02T16:44:09","guid":{"rendered":"https:\/\/portalnewsgta.com.br\/index.php\/2024\/09\/02\/selecao-volta-para-eliminatorias-entenda-onde-o-trabalho-de-dorival-parou\/"},"modified":"2024-09-02T13:44:09","modified_gmt":"2024-09-02T16:44:09","slug":"selecao-volta-para-eliminatorias-entenda-onde-o-trabalho-de-dorival-parou","status":"publish","type":"post","link":"https:\/\/portalnewsgta.com.br\/index.php\/2024\/09\/02\/selecao-volta-para-eliminatorias-entenda-onde-o-trabalho-de-dorival-parou\/","title":{"rendered":"Sele\u00e7\u00e3o volta para Eliminat\u00f3rias; entenda onde o trabalho de Dorival parou"},"content":{"rendered":"<p>S\u00c3O PAULO E RIO DE JANEIRO, None (UOL\/FOLHAPRESS) &#8211; A sele\u00e7\u00e3o brasileira se apresenta nesta segunda-feira (2) em Curitiba para os jogos contra Equador e Paraguai pelas Eliminat\u00f3rias da Copa do Mundo de 2026. \u00c9 a retomada, na pr\u00e1tica, do trabalho de Dorival ap\u00f3s a decep\u00e7\u00e3o na Copa Am\u00e9rica. Entre as pend\u00eancias, ajustar o ataque.<\/p>\n<div class=\"dummyPub\">\u00a0<\/div>\n<p><span class=\"news_bold\">ANTERIORMENTE, NA SELE\u00c7\u00c3O BRASILEIRA&#8230;<\/span><\/p>\n<p>O Brasil se despediu da Copa Am\u00e9rica com mais problemas do que solu\u00e7\u00f5es e precisa dar uma resposta porque est\u00e1 em sexto nas Eliminat\u00f3rias.<\/p>\n<p>No ataque do \u00faltimo jogo, contra o Uruguai, Dorival n\u00e3o teve Vini Jr., suspenso, e escalou Endrick. A substitui\u00e7\u00e3o apresentou uma mudan\u00e7a de esquema t\u00e1tico, trocando o falso 9 Rodrygo por um centroavante.<\/p>\n<p>Agora, a d\u00favida \u00e9 se Endrick permanece entre os titulares ou n\u00e3o. Rodrygo, naquela partida, foi deslocado para a esquerda, onde teoricamente Vini Jr. domina a posi\u00e7\u00e3o.<\/p>\n<p><span class=\"news_bold\">QUAL O CEN\u00c1RIO DO ATAQUE NA LISTA ATUAL?<\/span><\/p>\n<p>Pelo lado direito, o titular na maior parte do torneio, Raphinha, n\u00e3o foi convocado. Savinho, que vinha ganhando espa\u00e7o, foi cortado por les\u00e3o. Em tese, Luiz Henrique e Est\u00eav\u00e3o s\u00e3o os pontas pela direita da lista atual. Mas Rodrygo tamb\u00e9m joga por ali.<\/p>\n<p>Quais as possibilidades de combina\u00e7\u00e3o? Por tempo de casa recente, Vini Jr, Endrick e Rodrygo, atuais colegas de Real Madrid, mas que ainda n\u00e3o tiveram a oportunidade de jogarem juntos pelo clube merengue neste in\u00edcio de temporada europeia.<\/p>\n<p>Por caracter\u00edstica de jogo mais usada por Dorival recentemente, Vini Jr, Rodrygo e um dos pontas novatos. Est\u00eav\u00e3o pede passagem, mesmo aos 17 anos, pelo que tem feito no Palmeiras. Luiz Henrique \u00e9 destaque do Botafogo l\u00edder do Brasileir\u00e3o<\/p>\n<p><span class=\"news_bold\">QUEM VAI SER O GOLEIRO?<\/span><\/p>\n<p>Do meio para tr\u00e1s, Dorival n\u00e3o escondeu que ficou satisfeito. Mas h\u00e1 d\u00favida no gol com a volta de Ederson. Alisson foi o titular na Copa Am\u00e9rica muito porque Bento era o concorrente mais habilitado para a fun\u00e7\u00e3o.<\/p>\n<p>Ederson foi cortado por les\u00e3o, mas agora retorna. Ele leva vantagem com o jogo com os p\u00e9s. S\u00f3 que Alisson foi o preferido do preparador de goleiros Taffarel na maior parte do ciclo de Tite. Taffarel n\u00e3o estava na comiss\u00e3o t\u00e9cnica de Diniz e voltou com Dorival.<\/p>\n<p><span class=\"news_bold\">MEIO-CAMPO MAIS EST\u00c1VEL?<\/span><\/p>\n<p>Bruno Guimar\u00e3es, Jo\u00e3o Gomes e Lucas Paquet\u00e1 \u00e9 o trio que desponta como favorito para ser titular no meio-campo da sele\u00e7\u00e3o. Ainda mais pelo corte de Savinho, que deixa a brecha no ataque para Rodrygo &#8211; n\u00e3o necessariamente um dubl\u00ea de camisa 10\/meia.<\/p>\n<p>A op\u00e7\u00e3o por Jo\u00e3o Gomes traz um jogador que &#8220;morde&#8221; mais no meio, mas n\u00e3o \u00e9 t\u00e3o brilhante e criativo com a bola. Gerson, do Flamengo, est\u00e1 convocado. Assim como Andr\u00e9, agora ex-Fluminense, que virou companheiro do pr\u00f3prio Jo\u00e3o Gomes no Wolverhampton.<\/p>\n<p><span class=\"news_bold\">A LATERAL VAI EMPOLGAR?<\/span><\/p>\n<p>A equa\u00e7\u00e3o na lateral direita est\u00e1 inusitada. Com Yan Couto cortado, vem William, do Cruzeiro, para ser o reserva de Danilo. Danilo, que virou reserva da Juventus neste come\u00e7o de temporada, mas foi capit\u00e3o da sele\u00e7\u00e3o na Copa Am\u00e9rica.<\/p>\n<p>No lado esquerdo, Guilherme Arana ou Wendell? O segundo terminou a Copa Am\u00e9rica como titular. Mas, agora, tem sido reserva de Galeno &#8211; originalmente um ponta que passou a atuar improvisado na lateral esquerda do Porto.<\/p>\n<p>Ao menos na zaga parece haver mais certeza de que a dupla ser\u00e1 Marquinhos e Eder Milit\u00e3o.<\/p>\n<p>O primeiro jogo do Brasil nesta data Fifa ser\u00e1 sexta-feira, no Couto Pereira, em Curitiba, \u00e0s 22h.<\/p>\n<p>Fonte: noticiasaominuto.com.br<\/p>\n","protected":false},"excerpt":{"rendered":"<p>S\u00c3O PAULO E RIO DE JANEIRO, None (UOL\/FOLHAPRESS) &#8211; A sele\u00e7\u00e3o brasileira se apresenta nesta<\/p>\n","protected":false},"author":0,"featured_media":25244,"comment_status":"open","ping_status":"open","sticky":false,"template":"","format":"standard","meta":{"footnotes":""},"categories":[4],"tags":[],"aioseo_notices":[],"_links":{"self":[{"href":"https:\/\/portalnewsgta.com.br\/index.php\/wp-json\/wp\/v2\/posts\/25243"}],"collection":[{"href":"https:\/\/portalnewsgta.com.br\/index.php\/wp-json\/wp\/v2\/posts"}],"about":[{"href":"https:\/\/portalnewsgta.com.br\/index.php\/wp-json\/wp\/v2\/types\/post"}],"replies":[{"embeddable":true,"href":"https:\/\/portalnewsgta.com.br\/index.php\/wp-json\/wp\/v2\/comments?post=25243"}],"version-history":[{"count":0,"href":"https:\/\/portalnewsgta.com.br\/index.php\/wp-json\/wp\/v2\/posts\/25243\/revisions"}],"wp:featuredmedia":[{"embeddable":true,"href":"https:\/\/portalnewsgta.com.br\/index.php\/wp-json\/wp\/v2\/media\/25244"}],"wp:attachment":[{"href":"https:\/\/portalnewsgta.com.br\/index.php\/wp-json\/wp\/v2\/media?parent=25243"}],"wp:term":[{"taxonomy":"category","embeddable":true,"href":"https:\/\/portalnewsgta.com.br\/index.php\/wp-json\/wp\/v2\/categories?post=25243"},{"taxonomy":"post_tag","embeddable":true,"href":"https:\/\/portalnewsgta.com.br\/index.php\/wp-json\/wp\/v2\/tags?post=25243"}],"curies":[{"name":"wp","href":"https:\/\/api.w.org\/{rel}","templated":true}]}}