{"id":23952,"date":"2024-08-23T15:00:08","date_gmt":"2024-08-23T18:00:08","guid":{"rendered":"https:\/\/portalnewsgta.com.br\/index.php\/2024\/08\/23\/pm-reforca-policiamento-nos-142-municipios-com-operacao-forca-total\/"},"modified":"2024-08-23T15:00:08","modified_gmt":"2024-08-23T18:00:08","slug":"pm-reforca-policiamento-nos-142-municipios-com-operacao-forca-total","status":"publish","type":"post","link":"https:\/\/portalnewsgta.com.br\/index.php\/2024\/08\/23\/pm-reforca-policiamento-nos-142-municipios-com-operacao-forca-total\/","title":{"rendered":"PM refor\u00e7a policiamento nos 142 munic\u00edpios com Opera\u00e7\u00e3o For\u00e7a Total"},"content":{"rendered":"<div>\n<div id=\"infocoweb\" data-uuid=\"e13373e5-491a-4491-b7d5-2e6527ff0a16\" class=\"infocoweb infocoweb_canal_61\">\n<div id=\"infocoweb_cabecalho\" class=\"infocoweb_cabecalho\"><\/div>\n<div id=\"infocoweb_corpo\" class=\"infocoweb_corpo\"><span class=\"ifn_post_add_feature_image_to_the_top\"><\/span><\/p>\n<p style=\"text-align: justify\">A Pol\u00edcia Militar de Mato Grosso deflagrou, na manh\u00e3 desta sexta-feira (23.08), em todos os comandos regionais do Estado, a 6\u00aa edi\u00e7\u00e3o da Opera\u00e7\u00e3o For\u00e7a Total \u2013 Policiais militares a servi\u00e7o do Brasil. Na regi\u00e3o metropolitana, a abertura da opera\u00e7\u00e3o ocorreu durante solenidade na Pra\u00e7a Ulisses Guimar\u00e3es, na Avenida Historiador Rubens de Mendon\u00e7a, em Cuiab\u00e1, com ades\u00e3o das unidades especializadas da institui\u00e7\u00e3o. <\/p>\n<p style=\"text-align: justify\">A a\u00e7\u00e3o \u00e9 realizada em todo o territ\u00f3rio nacional com apoio do Conselho Nacional dos Comandantes-Gerais das Pol\u00edcias Militares (CNCG-PM). A opera\u00e7\u00e3o visa a intensifica\u00e7\u00e3o da atua\u00e7\u00e3o das pol\u00edcias militares de todo o pa\u00eds, com foco na deten\u00e7\u00e3o de suspeitos em flagrante delito, apreens\u00f5es de armas e drogas e demais a\u00e7\u00f5es de garantia da seguran\u00e7a da popula\u00e7\u00e3o e ordem p\u00fablica.<\/p>\n<p style=\"text-align: justify\"><source><img decoding=\"async\" alt=\"\" height=\"267\" src=\"https:\/\/www.secom.mt.gov.br\/documents\/d\/pm\/whatsapp-image-2024-08-23-at-09-43-28-jpeg?imageThumbnail=3\">      <\/source>  <\/p>\n<p style=\"text-align: justify\">Conforme o comandante do 1\u00ba Comando Regional, coronel PM Wankley Corr\u00eaa Rodrigues, em Mato Grosso, h\u00e1 um efetivo de mais de 1.500 policiais militares e implemento de mais de 700 viaturas que realizar\u00e3o intenso policiamento com objetivo de garantir a ordem p\u00fablica por meio da realiza\u00e7\u00e3o de abordagens, blitzes nas vias de maior movimenta\u00e7\u00e3o, principalmente nas \u00e1reas identificadas como de maior \u00edndice de criminalidade.<\/p>\n<p style=\"text-align: justify\">\u201cEstas a\u00e7\u00f5es s\u00e3o essenciais para a preserva\u00e7\u00e3o da ordem p\u00fablica e a garantia da seguran\u00e7a da popula\u00e7\u00e3o nos 142 munic\u00edpios do nosso Estado. Assim, a Pol\u00edcia Militar intensificar\u00e1 suas opera\u00e7\u00f5es tanto na Capital quanto nos munic\u00edpios do interior, atrav\u00e9s de a\u00e7\u00f5es ostensivas, preventivas e repressivas imediatas, garantindo a manuten\u00e7\u00e3o da paz e da ordem\u201d, afirmou coronel Rodrigues.<\/p>\n<p style=\"text-align: justify\"><source><img decoding=\"async\" alt=\"\" height=\"267\" src=\"https:\/\/www.secom.mt.gov.br\/documents\/d\/pm\/whatsapp-image-2024-08-23-at-09-43-29-jpeg?imageThumbnail=3\">      <\/source>  <\/p>\n<p style=\"text-align: justify\">O comandante do 2\u00ba Comando Regional, coronel Janu\u00e1rio Batista, tamb\u00e9m ressaltou a import\u00e2ncia da opera\u00e7\u00e3o e refor\u00e7o do policiamento em todo o Estado. \u201cEsse esfor\u00e7o hoje \u00e9 totalmente dedicado a essa opera\u00e7\u00e3o de \u00e2mbito nacional das Pol\u00edcias Militares e aqui em Mato Grosso n\u00e3o \u00e9 diferente. \u00c9 importante porque demonstramos para a nossa sociedade o esfor\u00e7o que a nossa institui\u00e7\u00e3o desenvolve no combate \u00e0 criminalidade\u201d, ressaltou coronel Janu\u00e1rio. <\/p>\n<p style=\"text-align: justify\">O subchefe de Estado-Maior Geral, coronel Jos\u00e9 Nildo de Oliveira, enfatizou que a produtividade de todas as edi\u00e7\u00f5es da Opera\u00e7\u00e3o For\u00e7a Total foram bastante significativas em Mato Grosso e que os investimentos do Governo do Estado refletem neste resultado. <\/p>\n<p style=\"text-align: justify\">\u201cEm todas as opera\u00e7\u00f5es conduzidas pela Pol\u00edcia Militar nos \u00faltimos anos nos trouxe resultados bastante expressivos e significativos para nossa institui\u00e7\u00e3o, pois atualmente contamos com melhores condi\u00e7\u00f5es de trabalho, equipamentos, armamentos e viaturas. A Opera\u00e7\u00e3o For\u00e7a Total \u00e9 a continuidade de um conjunto de esfor\u00e7os j\u00e1 exercidos diariamente pela Pol\u00edcia Militar em todo Estado\u201d. <\/p>\n<p style=\"text-align: justify\">Participam da opera\u00e7\u00e3o os Batalh\u00f5es Especializados como Rondas Ostensivas T\u00e1tico M\u00f3vel (Rotam), Batalh\u00e3o de Opera\u00e7\u00f5es Especiais (Bope), Regimento de Policiamento Montado (Cavalaria), Batalh\u00e3o de Tr\u00e2nsito Urbano e Rodovi\u00e1rio (BPMTran), Batalh\u00e3o de Prote\u00e7\u00e3o Ambiental (BPMPA), al\u00e9m das unidades da For\u00e7a T\u00e1tica e da Companhia de Rondas e A\u00e7\u00f5es Intensivas e Ostensivas (Raio) e Centro Integrado de Opera\u00e7\u00f5es A\u00e9reas (Ciopaer).<\/p>\n<p style=\"text-align: justify\"><source><img decoding=\"async\" alt=\"\" height=\"267\" src=\"https:\/\/www.secom.mt.gov.br\/documents\/d\/pm\/whatsapp-image-2024-08-23-at-09-43-28-1-jpeg?imageThumbnail=3\">      <\/source>  <\/p>\n<p id=\"infocoweb_fonte\" class=\"infocoweb_fonte\">Fonte: Governo MT \u2013 MT<\/p>\n<style>#infocoweb_cabecalho {\n        display: inline-block;\n        margin-top: -75px;\n        position: absolute;\n        right: 0;\n    }\n<\/style>\n<style><\/style>\n<\/div>\n<div id=\"infocoweb_rodape\" class=\"infocoweb_rodape\"><\/div>\n<\/div>\n<p>O post PM refor\u00e7a policiamento nos 142 munic\u00edpios com Opera\u00e7\u00e3o For\u00e7a Total apareceu primeiro em Portal MT.<\/p>\n<\/div>\n","protected":false},"excerpt":{"rendered":"<p>A Pol\u00edcia Militar de Mato Grosso deflagrou, na manh\u00e3 desta sexta-feira (23.08), em todos os<\/p>\n","protected":false},"author":2,"featured_media":23953,"comment_status":"registered_only","ping_status":"closed","sticky":false,"template":"","format":"standard","meta":{"footnotes":""},"categories":[7],"tags":[],"aioseo_notices":[],"_links":{"self":[{"href":"https:\/\/portalnewsgta.com.br\/index.php\/wp-json\/wp\/v2\/posts\/23952"}],"collection":[{"href":"https:\/\/portalnewsgta.com.br\/index.php\/wp-json\/wp\/v2\/posts"}],"about":[{"href":"https:\/\/portalnewsgta.com.br\/index.php\/wp-json\/wp\/v2\/types\/post"}],"author":[{"embeddable":true,"href":"https:\/\/portalnewsgta.com.br\/index.php\/wp-json\/wp\/v2\/users\/2"}],"replies":[{"embeddable":true,"href":"https:\/\/portalnewsgta.com.br\/index.php\/wp-json\/wp\/v2\/comments?post=23952"}],"version-history":[{"count":0,"href":"https:\/\/portalnewsgta.com.br\/index.php\/wp-json\/wp\/v2\/posts\/23952\/revisions"}],"wp:featuredmedia":[{"embeddable":true,"href":"https:\/\/portalnewsgta.com.br\/index.php\/wp-json\/wp\/v2\/media\/23953"}],"wp:attachment":[{"href":"https:\/\/portalnewsgta.com.br\/index.php\/wp-json\/wp\/v2\/media?parent=23952"}],"wp:term":[{"taxonomy":"category","embeddable":true,"href":"https:\/\/portalnewsgta.com.br\/index.php\/wp-json\/wp\/v2\/categories?post=23952"},{"taxonomy":"post_tag","embeddable":true,"href":"https:\/\/portalnewsgta.com.br\/index.php\/wp-json\/wp\/v2\/tags?post=23952"}],"curies":[{"name":"wp","href":"https:\/\/api.w.org\/{rel}","templated":true}]}}