{"id":2289,"date":"2024-04-08T12:42:22","date_gmt":"2024-04-08T15:42:22","guid":{"rendered":"https:\/\/portalnewsgta.com.br\/?p=2289"},"modified":"2024-04-08T12:42:22","modified_gmt":"2024-04-08T15:42:22","slug":"secretaria-municipal-de-educacao-realizou-a-caminhada-no-mes-em-conscientizacao-do-autismo-em-guaranta-do-norte","status":"publish","type":"post","link":"https:\/\/portalnewsgta.com.br\/index.php\/2024\/04\/08\/secretaria-municipal-de-educacao-realizou-a-caminhada-no-mes-em-conscientizacao-do-autismo-em-guaranta-do-norte\/","title":{"rendered":"Secretaria Municipal de Educa\u00e7\u00e3o realizou a caminhada no m\u00eas em Conscientiza\u00e7\u00e3o  do Autismo em Guarant\u00e3 do Norte."},"content":{"rendered":"<p>No s\u00e1bado (6), a Secretaria Municipal de Educa\u00e7\u00e3o de Guarant\u00e3 do Norte, realizou a 2\u00ba caminhada em prol a conscientiza\u00e7\u00e3o sobre o Transtorno do Espectro Autista.<\/p>\n<p>A caminhada que faz parte de a\u00e7\u00f5es desenvolvidas pela secretaria durante este m\u00eas de abril, contou com a participa\u00e7\u00e3o dos servidores das secretarias, pais crian\u00e7as e convidados e teve por objetivo, promover a inclus\u00e3o das pessoas com autismo na sociedade.<\/p>\n<p>Aos poucos a pra\u00e7a eu amo Guarant\u00e3 foi ganhando um colorido especial, houve a distribui\u00e7\u00e3o das camisetas, as crian\u00e7as poder\u00e3o brincar no parquinho, play Graud, foi servido tamb\u00e9m um lanche com suco.<\/p>\n<p>A caminhada aconteceu no entorno da pra\u00e7a, durante o trajeto, os participantes puderam demonstrar seu apoio \u00e0 causa, fortalecendo os la\u00e7os de solidariedade, enfatizando assim a import\u00e2ncia da inclus\u00e3o.<\/p>\n<p>Autor: Ademir Junior<\/p>\n<p>Fonte: \u00a0SMECD Guarant\u00e3 do Norte<\/p>\n<p>Foto: Assessoria Comunica\u00e7\u00e3o<\/p>\n<p>Assista o v\u00eddeo reportagem Ademir Junior<\/p>\n<p>&nbsp;<\/p>\n<div style=\"width: 640px;\" class=\"wp-video\"><!--[if lt IE 9]><script>document.createElement('video');<\/script><![endif]-->\n<video class=\"wp-video-shortcode\" id=\"video-2289-1\" width=\"640\" height=\"360\" preload=\"metadata\" controls=\"controls\"><source type=\"video\/mp4\" src=\"https:\/\/portalnewsgta.com.br\/wp-content\/uploads\/2024\/04\/Secretaria-Municipal-de-Educacao-realizou-a-caminhada-no-mes-em-Conscientizacao-do-Autismo.mp4?_=1\" \/><a href=\"https:\/\/portalnewsgta.com.br\/wp-content\/uploads\/2024\/04\/Secretaria-Municipal-de-Educacao-realizou-a-caminhada-no-mes-em-Conscientizacao-do-Autismo.mp4\">https:\/\/portalnewsgta.com.br\/wp-content\/uploads\/2024\/04\/Secretaria-Municipal-de-Educacao-realizou-a-caminhada-no-mes-em-Conscientizacao-do-Autismo.mp4<\/a><\/video><\/div>\n","protected":false},"excerpt":{"rendered":"<p>No s\u00e1bado (6), a Secretaria Municipal de Educa\u00e7\u00e3o de Guarant\u00e3 do Norte, realizou a 2\u00ba<\/p>\n","protected":false},"author":2,"featured_media":2290,"comment_status":"open","ping_status":"open","sticky":false,"template":"","format":"standard","meta":{"footnotes":""},"categories":[13,14],"tags":[],"aioseo_notices":[],"_links":{"self":[{"href":"https:\/\/portalnewsgta.com.br\/index.php\/wp-json\/wp\/v2\/posts\/2289"}],"collection":[{"href":"https:\/\/portalnewsgta.com.br\/index.php\/wp-json\/wp\/v2\/posts"}],"about":[{"href":"https:\/\/portalnewsgta.com.br\/index.php\/wp-json\/wp\/v2\/types\/post"}],"author":[{"embeddable":true,"href":"https:\/\/portalnewsgta.com.br\/index.php\/wp-json\/wp\/v2\/users\/2"}],"replies":[{"embeddable":true,"href":"https:\/\/portalnewsgta.com.br\/index.php\/wp-json\/wp\/v2\/comments?post=2289"}],"version-history":[{"count":1,"href":"https:\/\/portalnewsgta.com.br\/index.php\/wp-json\/wp\/v2\/posts\/2289\/revisions"}],"predecessor-version":[{"id":2292,"href":"https:\/\/portalnewsgta.com.br\/index.php\/wp-json\/wp\/v2\/posts\/2289\/revisions\/2292"}],"wp:featuredmedia":[{"embeddable":true,"href":"https:\/\/portalnewsgta.com.br\/index.php\/wp-json\/wp\/v2\/media\/2290"}],"wp:attachment":[{"href":"https:\/\/portalnewsgta.com.br\/index.php\/wp-json\/wp\/v2\/media?parent=2289"}],"wp:term":[{"taxonomy":"category","embeddable":true,"href":"https:\/\/portalnewsgta.com.br\/index.php\/wp-json\/wp\/v2\/categories?post=2289"},{"taxonomy":"post_tag","embeddable":true,"href":"https:\/\/portalnewsgta.com.br\/index.php\/wp-json\/wp\/v2\/tags?post=2289"}],"curies":[{"name":"wp","href":"https:\/\/api.w.org\/{rel}","templated":true}]}}