{"id":21605,"date":"2024-08-07T13:00:49","date_gmt":"2024-08-07T16:00:49","guid":{"rendered":"https:\/\/portalnewsgta.com.br\/index.php\/2024\/08\/07\/policia-civil-deflagra-3a-fase-da-operacao-cativo-efemero-e-cumpre-dois-mandados-judiciais\/"},"modified":"2024-08-07T13:00:49","modified_gmt":"2024-08-07T16:00:49","slug":"policia-civil-deflagra-3a-fase-da-operacao-cativo-efemero-e-cumpre-dois-mandados-judiciais","status":"publish","type":"post","link":"https:\/\/portalnewsgta.com.br\/index.php\/2024\/08\/07\/policia-civil-deflagra-3a-fase-da-operacao-cativo-efemero-e-cumpre-dois-mandados-judiciais\/","title":{"rendered":"Pol\u00edcia Civil deflagra 3\u00aa fase da Opera\u00e7\u00e3o Cativo Ef\u00eamero e cumpre dois mandados judiciais"},"content":{"rendered":"<div>\n<div id=\"infocoweb\" data-uuid=\"5d6b1f28-e915-48e6-b477-4f270ed5cda9\" class=\"infocoweb infocoweb_canal_61\">\n<div id=\"infocoweb_cabecalho\" class=\"infocoweb_cabecalho\"><\/div>\n<div id=\"infocoweb_corpo\" class=\"infocoweb_corpo\"><span class=\"ifn_post_add_feature_image_to_the_top\"><\/span><\/p>\n<p align=\"justify\">Em mais uma a\u00e7\u00e3o de combate ao crime organizado, policiais civis da Delegacia Especializada de Repress\u00e3o a Roubos e Furtos de Ve\u00edculos Automotores (DERFVA) prenderam na tarde de ter\u00e7a-feira (06.08), um homem envolvido em crimes de extors\u00e3o qualificada e roubo majorado.<\/p>\n<p style=\"text-align: justify\">A a\u00e7\u00e3o realizada para cumprimento de mandados de pris\u00e3o e de busca e apreens\u00e3o, faz parte da terceira fase da Opera\u00e7\u00e3o \u201cCativo Ef\u00eamero\u201d. O procurado de 40 anos foi localizado em uma resid\u00eancia no bairro Parque do Lago, em V\u00e1rzea Grande.<\/p>\n<p style=\"text-align: justify\">O suspeito foi identificado nas investiga\u00e7\u00f5es da DERFVA que apuram ocorr\u00eancias de roubo de ve\u00edculo com sequestro rel\u00e2mpago das v\u00edtimas. Ele utilizava m\u00e9todos sofisticados para cometer os delitos, operando em quadrilha.<\/p>\n<p style=\"text-align: justify\">Durante os crimes os suspeitos agiam com abordagens e sequestros r\u00e1pidos, onde as v\u00edtimas eram for\u00e7adas a fazer transfer\u00eancias banc\u00e1rias imediatas via aplicativo de celulares, geralmente sob amea\u00e7a de viol\u00eancia f\u00edsica.<\/p>\n<p style=\"text-align: justify\"><strong>Cumprimento dos mandados<\/strong><\/p>\n<p style=\"text-align: justify\">As ordens judiciais de pris\u00e3o e busca e apreens\u00e3o domiciliar foram cumpridas pela equipe da DERFVA. Al\u00e9m da pris\u00e3o do investigado, tamb\u00e9m foram apreendidos o celular e outros materiais que podem estar relacionados aos crimes investigados.<\/p>\n<p style=\"text-align: justify\">O suspeito foi conduzido at\u00e9 a DERFVA para as provid\u00eancias cab\u00edveis, e posteriormente colocado \u00e0 disposi\u00e7\u00e3o da Justi\u00e7a.<\/p>\n<p style=\"text-align: justify\">Conforme o delegado titular da DEFRVA, Diego Alex Martimiano da Silva, a pris\u00e3o foi resultado de um trabalho minucioso com objetivo de desarticular a quadrilha da qual o suspeito fazia parte, e obter mais informa\u00e7\u00f5es que possam levar a outros membros da organiza\u00e7\u00e3o criminosa.<\/p>\n<p style=\"text-align: justify\">\u201cA pris\u00e3o deste suspeito \u00e9 um passo crucial na desarticula\u00e7\u00e3o de uma rede criminosa que vem atuando com extrema viol\u00eancia. As investiga\u00e7\u00f5es continuam para coletar mais evid\u00eancias e levar a responsabiliza\u00e7\u00e3o criminal a todos os envolvidos\u201d, afirmou o delegado.<\/p>\n<p style=\"text-align: justify\"><strong>Impacto da Opera\u00e7\u00e3o<\/strong><\/p>\n<p style=\"text-align: justify\">A terceira fase da Opera\u00e7\u00e3o Cativo Ef\u00eamero \u00e9 parte de uma s\u00e9rie de a\u00e7\u00f5es coordenadas pela DERFVA para enfrentar o crime organizado em Mato Grosso, em especial combater os crimes de sequestro rel\u00e2mpago que t\u00eam ocorrido em Cuiab\u00e1 e regi\u00e3o.<\/p>\n<p style=\"text-align: justify\">Com essa pris\u00e3o, a DERFVA reafirma seu compromisso com a seguran\u00e7a p\u00fablica, buscando desmantelar grupos criminosos e trazer justi\u00e7a para as v\u00edtimas de crimes violentos.<\/p>\n<p style=\"text-align: justify\">A sociedade pode colaborar fornecendo informa\u00e7\u00f5es que possam auxiliar nas investiga\u00e7\u00f5es, pelo disque den\u00fancia 197.<\/p>\n<p id=\"infocoweb_fonte\" class=\"infocoweb_fonte\">Fonte: Governo MT \u2013 MT<\/p>\n<style>#infocoweb_cabecalho {\n        display: inline-block;\n        margin-top: -75px;\n        position: absolute;\n        right: 0;\n    }\n<\/style>\n<style><\/style>\n<\/div>\n<div id=\"infocoweb_rodape\" class=\"infocoweb_rodape\"><\/div>\n<\/div>\n<p>O post Pol\u00edcia Civil deflagra 3\u00aa fase da Opera\u00e7\u00e3o Cativo Ef\u00eamero e cumpre dois mandados judiciais apareceu primeiro em Portal MT.<\/p>\n<\/div>\n","protected":false},"excerpt":{"rendered":"<p>Em mais uma a\u00e7\u00e3o de combate ao crime organizado, policiais civis da Delegacia Especializada de<\/p>\n","protected":false},"author":2,"featured_media":21606,"comment_status":"registered_only","ping_status":"closed","sticky":false,"template":"","format":"standard","meta":{"footnotes":""},"categories":[7],"tags":[],"aioseo_notices":[],"_links":{"self":[{"href":"https:\/\/portalnewsgta.com.br\/index.php\/wp-json\/wp\/v2\/posts\/21605"}],"collection":[{"href":"https:\/\/portalnewsgta.com.br\/index.php\/wp-json\/wp\/v2\/posts"}],"about":[{"href":"https:\/\/portalnewsgta.com.br\/index.php\/wp-json\/wp\/v2\/types\/post"}],"author":[{"embeddable":true,"href":"https:\/\/portalnewsgta.com.br\/index.php\/wp-json\/wp\/v2\/users\/2"}],"replies":[{"embeddable":true,"href":"https:\/\/portalnewsgta.com.br\/index.php\/wp-json\/wp\/v2\/comments?post=21605"}],"version-history":[{"count":0,"href":"https:\/\/portalnewsgta.com.br\/index.php\/wp-json\/wp\/v2\/posts\/21605\/revisions"}],"wp:featuredmedia":[{"embeddable":true,"href":"https:\/\/portalnewsgta.com.br\/index.php\/wp-json\/wp\/v2\/media\/21606"}],"wp:attachment":[{"href":"https:\/\/portalnewsgta.com.br\/index.php\/wp-json\/wp\/v2\/media?parent=21605"}],"wp:term":[{"taxonomy":"category","embeddable":true,"href":"https:\/\/portalnewsgta.com.br\/index.php\/wp-json\/wp\/v2\/categories?post=21605"},{"taxonomy":"post_tag","embeddable":true,"href":"https:\/\/portalnewsgta.com.br\/index.php\/wp-json\/wp\/v2\/tags?post=21605"}],"curies":[{"name":"wp","href":"https:\/\/api.w.org\/{rel}","templated":true}]}}