{"id":21544,"date":"2024-08-07T08:12:08","date_gmt":"2024-08-07T11:12:08","guid":{"rendered":"https:\/\/portalnewsgta.com.br\/?p=21544"},"modified":"2024-08-07T08:12:08","modified_gmt":"2024-08-07T11:12:08","slug":"recesso-parlamentar-e-prolongado-e-plenario-da-camara-ficara-um-mes-sem-votacoes","status":"publish","type":"post","link":"https:\/\/portalnewsgta.com.br\/index.php\/2024\/08\/07\/recesso-parlamentar-e-prolongado-e-plenario-da-camara-ficara-um-mes-sem-votacoes\/","title":{"rendered":"Recesso parlamentar \u00e9 prolongado e plen\u00e1rio da C\u00e2mara ficar\u00e1 um m\u00eas sem vota\u00e7\u00f5es"},"content":{"rendered":"<header class=\"col-xs-12 col-sm-12 col-md-12 col-lg-12\">\n<div class=\"row\">\n<div id=\"social-line-right\" class=\"col-xs-12 col-sm-12 col-md-12 col-lg-12 mb15\"><a title=\"Compartilhe esta mat\u00e9ria no Facebook\" href=\"http:\/\/www.facebook.com\/sharer.php?u=https:\/\/www.gazetadigital.com.br\/editorias\/politica-nacional\/recesso-parlamentar-e-prolongado-e-plenario-da-camara-ficara-um-mes-sem-votacoes\/779786\" target=\"blank\" rel=\"noopener\"><img loading=\"lazy\" decoding=\"async\" src=\"https:\/\/www.gazetadigital.com.br\/images\/facebook-sq-btn.png\" alt=\"Facebook\" width=\"32\" height=\"32\" \/><\/a><a class=\"social-share hidden-xs hidden-sm\" title=\"Compartilhe esta mat\u00e9ria no WhatsApp\" href=\"https:\/\/web.whatsapp.com\/send?text=Recesso%20parlamentar%20%C3%A9%20prolongado%20e%20plen%C3%A1rio%20da%20C%C3%A2mara%20ficar%C3%A1%20um%20m%C3%AAs%20sem%20vota%C3%A7%C3%B5es%20https%3A%2F%2Fwww.gazetadigital.com.br%2Feditorias%2Fpolitica-nacional%2Frecesso-parlamentar-e-prolongado-e-plenario-da-camara-ficara-um-mes-sem-votacoes%2F779786\"><img loading=\"lazy\" decoding=\"async\" src=\"https:\/\/www.gazetadigital.com.br\/images\/whatsapp-sq-btn.png\" alt=\"WhatsApp\" width=\"32\" height=\"32\" \/><\/a><a title=\"Imprimir esta mat\u00e9ria\" href=\"https:\/\/www.gazetadigital.com.br\/imprime.php?cid=779786&amp;sid=10\" target=\"_blank\" rel=\"nofollow noopener\"><img loading=\"lazy\" decoding=\"async\" src=\"https:\/\/www.gazetadigital.com.br\/images\/print-sq-btn.png\" alt=\"Print\" width=\"32\" height=\"32\" \/><\/a><a title=\"Compartilhe esta mat\u00e9ria no Google+\" href=\"https:\/\/plus.google.com\/share?url=https:\/\/www.gazetadigital.com.br\/editorias\/politica-nacional\/recesso-parlamentar-e-prolongado-e-plenario-da-camara-ficara-um-mes-sem-votacoes\/779786\" target=\"_blank\" rel=\"noopener\"><img loading=\"lazy\" decoding=\"async\" class=\"img-responsive\" src=\"https:\/\/www.gazetadigital.com.br\/images\/gplus-square.png\" alt=\"google plus\" width=\"32\" height=\"32\" \/><\/a><\/div>\n<\/div>\n<\/header>\n<div class=\"col-xs-12 col-sm-12 col-md-12 col-lg-12 mb10\">\n<div class=\"row\"><\/div>\n<\/div>\n<div class=\"col-xs-12 col-sm-12 col-md-12 col-lg-12 mb30\">\n<p class=\"credito-1\">M\u00e1rio Agra\/C\u00e2mara dos Deputados<\/p>\n<p><span class=\"img-conteudo pull-left\"><a href=\"https:\/\/www.gazetadigital.com.br\/storage\/webdisco\/2024\/08\/06\/1200x900\/fc0e078be425ac06777df3f337ee8cc6.jpg\" data-fancybox=\"gallery\" data-caption=\"M\u00e1rio Agra\/C\u00e2mara dos Deputados\"><img decoding=\"async\" src=\"https:\/\/www.gazetadigital.com.br\/storage\/webdisco\/2024\/08\/06\/431x285\/fc0e078be425ac06777df3f337ee8cc6.jpg\" alt=\"M\u00e1rio Agra\/C\u00e2mara dos Deputados\" \/><\/a><\/span><\/p>\n<p class=\"img-conteudo-desc\">\n<p><img decoding=\"async\" class=\"pull-left img-responsive\" src=\"https:\/\/www.gazetadigital.com.br\/storage\/webdisco\/2018\/09\/11\/120x80\/c10c88c6ae9ade049b00d53e2c1493c8.jpg\" alt=\"\" \/><\/p>\n<div id=\"text-content\" class=\"mb20\">\n<p>Plen\u00e1rio, corredores, comiss\u00f5es: tudo vazio. Diferente do que acontecer\u00e1 no Senado, a C\u00e2mara dos Deputados n\u00e3o realizar\u00e1 sess\u00f5es plen\u00e1rias nesta semana. Com isso, a Casa completar\u00e1 neste domingo, 11, um m\u00eas sem votar nenhuma pauta.<\/p>\n<p>Com o foco voltado para as elei\u00e7\u00f5es municipais, os 513 integrantes receberam duas semanas adicionais ao per\u00edodo de recesso parlamentar, que ocorreu entre os dias 17 de julho e 1\u00ba de agosto.<\/p>\n<p>&nbsp;<\/p>\n<p>Mesmo meses antes da vota\u00e7\u00e3o, que ocorrer\u00e1 em outubro, l\u00edderes fizeram repetidos pedidos ao presidente da C\u00e2mara, Arthur Lira (PP-AL), por mais tempos de recesso para acertar quest\u00f5es partid\u00e1rias nos munic\u00edpios.<\/p>\n<p>&nbsp;<\/p>\n<p>E a tend\u00eancia \u00e9 que o Sal\u00e3o Verde da C\u00e2mara fiquei ainda mais esvaziado enquanto a elei\u00e7\u00e3o se aproxima. Como mostrou o Estad\u00e3o, pelo menos 96 congressistas planejam disputar os pleitos em cidades pelo Brasil.<\/p>\n<p>&nbsp;<\/p>\n<p>A C\u00e2mara realizou sess\u00e3o plen\u00e1ria pela \u00faltima vez no dia 11 de julho, quando votou, entre outras mat\u00e9rias, a proposta de emenda \u00e0 Constitui\u00e7\u00e3o (PEC) da Anistia, o quarto autoperd\u00e3o concedido por partidos pol\u00edticos por d\u00edvidas contra\u00eddas por eles mesmos.<\/p>\n<p>&nbsp;<\/p>\n<p>A expectativa \u00e9 que a C\u00e2mara retorne com um esfor\u00e7o concentrado entre a ter\u00e7a-feira e quinta-feira da pr\u00f3xima semana para votar o segundo projeto de lei complementar da reforma tribut\u00e1ria.<\/p>\n<p>&nbsp;<\/p>\n<p>Lira pretende dar prioridade \u00e0s pautas do turismo e da seguran\u00e7a p\u00fablica neste segundo semestre. Como mostrou o Estad\u00e3o, ele articula a apresenta\u00e7\u00e3o de uma PEC para endurecer as penas de fac\u00e7\u00f5es criminosas e controlar fronteiras.<\/p>\n<p>&nbsp;<\/p>\n<p>O Estad\u00e3o mostrou em maio como, ao longo deste ano, a C\u00e2mara passou a enforcar as quintas-feiras. No per\u00edodo entre fevereiro e abril deste ano, a Casa realizou o menor n\u00famero de sess\u00f5es deliberativas em compara\u00e7\u00e3o com os \u00faltimos cinco anos em que houve elei\u00e7\u00f5es municipais.<\/p>\n<p>&nbsp;<\/p>\n<p>O Senado, por sua vez, retorna nesta ter\u00e7a-feira, 6. O plen\u00e1rio dessa Casa pode votar a PEC que abre novo prazo para o parcelamento de d\u00e9bitos dos munic\u00edpios com a Previd\u00eancia Social.<\/p>\n<p>&nbsp;<\/p>\n<p>Al\u00e9m dessa PEC, h\u00e1 tamb\u00e9m previs\u00e3o de vota\u00e7\u00e3o de um projeto de lei que estabelece crit\u00e9rios para a concess\u00e3o do t\u00edtulo de capital nacional. A mat\u00e9ria j\u00e1 foi aprovada na C\u00e2mara dos Deputados e recebeu relat\u00f3rios favor\u00e1veis pela aprova\u00e7\u00e3o na Comiss\u00e3o de Cultura.<\/p>\n<p>Na Casa, a expectativa \u00e9 de mais sess\u00f5es remotas, para garantir a presen\u00e7a dos senadores em seus redutos eleitorais.<\/p>\n<\/div>\n<\/div>\n","protected":false},"excerpt":{"rendered":"<p>M\u00e1rio Agra\/C\u00e2mara dos Deputados Plen\u00e1rio, corredores, comiss\u00f5es: tudo vazio. Diferente do que acontecer\u00e1 no Senado,<\/p>\n","protected":false},"author":2,"featured_media":21545,"comment_status":"open","ping_status":"open","sticky":false,"template":"","format":"standard","meta":{"footnotes":""},"categories":[13,2],"tags":[],"aioseo_notices":[],"_links":{"self":[{"href":"https:\/\/portalnewsgta.com.br\/index.php\/wp-json\/wp\/v2\/posts\/21544"}],"collection":[{"href":"https:\/\/portalnewsgta.com.br\/index.php\/wp-json\/wp\/v2\/posts"}],"about":[{"href":"https:\/\/portalnewsgta.com.br\/index.php\/wp-json\/wp\/v2\/types\/post"}],"author":[{"embeddable":true,"href":"https:\/\/portalnewsgta.com.br\/index.php\/wp-json\/wp\/v2\/users\/2"}],"replies":[{"embeddable":true,"href":"https:\/\/portalnewsgta.com.br\/index.php\/wp-json\/wp\/v2\/comments?post=21544"}],"version-history":[{"count":1,"href":"https:\/\/portalnewsgta.com.br\/index.php\/wp-json\/wp\/v2\/posts\/21544\/revisions"}],"predecessor-version":[{"id":21546,"href":"https:\/\/portalnewsgta.com.br\/index.php\/wp-json\/wp\/v2\/posts\/21544\/revisions\/21546"}],"wp:featuredmedia":[{"embeddable":true,"href":"https:\/\/portalnewsgta.com.br\/index.php\/wp-json\/wp\/v2\/media\/21545"}],"wp:attachment":[{"href":"https:\/\/portalnewsgta.com.br\/index.php\/wp-json\/wp\/v2\/media?parent=21544"}],"wp:term":[{"taxonomy":"category","embeddable":true,"href":"https:\/\/portalnewsgta.com.br\/index.php\/wp-json\/wp\/v2\/categories?post=21544"},{"taxonomy":"post_tag","embeddable":true,"href":"https:\/\/portalnewsgta.com.br\/index.php\/wp-json\/wp\/v2\/tags?post=21544"}],"curies":[{"name":"wp","href":"https:\/\/api.w.org\/{rel}","templated":true}]}}