{"id":21481,"date":"2024-08-06T20:00:23","date_gmt":"2024-08-06T23:00:23","guid":{"rendered":"https:\/\/portalnewsgta.com.br\/index.php\/2024\/08\/06\/forcas-de-seguranca-utilizam-mao-de-obra-de-reeducandos-para-remover-pichacoes\/"},"modified":"2024-08-06T20:00:23","modified_gmt":"2024-08-06T23:00:23","slug":"forcas-de-seguranca-utilizam-mao-de-obra-de-reeducandos-para-remover-pichacoes","status":"publish","type":"post","link":"https:\/\/portalnewsgta.com.br\/index.php\/2024\/08\/06\/forcas-de-seguranca-utilizam-mao-de-obra-de-reeducandos-para-remover-pichacoes\/","title":{"rendered":"For\u00e7as de seguran\u00e7a utilizam m\u00e3o de obra de reeducandos para remover picha\u00e7\u00f5es"},"content":{"rendered":"<div>\n<div id=\"infocoweb\" data-uuid=\"04eae850-1889-43f1-b858-a84fa7303782\" class=\"infocoweb infocoweb_canal_61\">\n<div id=\"infocoweb_cabecalho\" class=\"infocoweb_cabecalho\"><\/div>\n<div id=\"infocoweb_corpo\" class=\"infocoweb_corpo\"><span class=\"ifn_post_add_feature_image_to_the_top\"><\/span><\/p>\n<p style=\"text-align: justify\">As for\u00e7as de seguran\u00e7a da Pol\u00edcia Penal, Civil e Militar realizaram, nesta ter\u00e7a-feira (06.08), a opera\u00e7\u00e3o Cidade Limpa com o objetivo de remover picha\u00e7\u00f5es que fazem alus\u00e3o a uma fac\u00e7\u00e3o criminosa em Colniza (a 1.024 km de Cuiab\u00e1). No trabalho de limpeza, foi utilizada a m\u00e3o de obra de seis reeducandos da Cadeia P\u00fablica da cidade.<\/p>\n<p style=\"text-align: justify\">A iniciativa para uso de m\u00e3o de obra dos privados de liberdade partiu do diretor da unidade prisional, Heitor Nogueira. Conforme ele, as for\u00e7as de seguran\u00e7a fizeram o planejamento e deram in\u00edcio \u00e0 opera\u00e7\u00e3o com o aval do Poder Judici\u00e1rio.<\/p>\n<p style=\"text-align: justify\">\u201cGra\u00e7as \u00e0 integra\u00e7\u00e3o da Pol\u00edcia Penal, Pol\u00edcia Militar, Pol\u00edcia Civil, Minist\u00e9rio P\u00fablico, Poder Judici\u00e1rio e Defensoria P\u00fablica, conseguimos realizar este trabalho para garantir uma cidade ordeira e pac\u00edfica. Quando pessoas mal-intencionadas chegam ao munic\u00edpio, logo percebem que o bra\u00e7o da lei as alcan\u00e7ar\u00e1, sendo presas ou desistindo de praticar il\u00edcitos em nossa cidade. Al\u00e9m disso, a Cadeia P\u00fablica desempenha um importante papel na ressocializa\u00e7\u00e3o, que est\u00e1 fluindo muito bem. Atualmente, mais de 90% dos nossos presos definitivos est\u00e3o inseridos em atividades de trabalho ou estudo\u201d, enfatizou o diretor. <\/p>\n<p style=\"text-align: justify\"><source><img fetchpriority=\"high\" decoding=\"async\" alt=\"\" height=\"792\" src=\"https:\/\/www.secom.mt.gov.br\/documents\/d\/sesp\/sem-nome-800-x-600-px-1-png?imageThumbnail=3\" width=\"1056\">      <\/source><\/p>\n<p> O delegado Lucas Pereira explicou que a Pol\u00edcia Civil realizou um trabalho para identificar os bairros com picha\u00e7\u00f5es e destacou a uni\u00e3o de esfor\u00e7os das institui\u00e7\u00f5es p\u00fablicas no combate \u00e0s fac\u00e7\u00f5es criminosas em Colniza.<\/p>\n<p style=\"text-align: justify\">\u201cIdentificamos todos os muros com picha\u00e7\u00f5es alusivas \u00e0s organiza\u00e7\u00f5es criminosas e utilizamos os reeducandos da cidade para pint\u00e1-los. Todo o estado est\u00e1 empenhado no combate \u00e0s a\u00e7\u00f5es das fac\u00e7\u00f5es criminosas em nosso munic\u00edpio. Visando o bem-estar da popula\u00e7\u00e3o, estamos realizando esta opera\u00e7\u00e3o para colocar nosso projeto em pr\u00e1tica. Vamos entregar uma cidade com um novo visual, mais pac\u00edfica, proporcionando \u00e0 sociedade um pouco mais de qualidade de vida\u201d, disse.<\/p>\n<p id=\"infocoweb_fonte\" class=\"infocoweb_fonte\">Fonte: Governo MT \u2013 MT<\/p>\n<style>#infocoweb_cabecalho {\n        display: inline-block;\n        margin-top: -75px;\n        position: absolute;\n        right: 0;\n    }\n<\/style>\n<style><\/style>\n<\/div>\n<div id=\"infocoweb_rodape\" class=\"infocoweb_rodape\"><\/div>\n<\/div>\n<p>O post For\u00e7as de seguran\u00e7a utilizam m\u00e3o de obra de reeducandos para remover picha\u00e7\u00f5es apareceu primeiro em Portal MT.<\/p>\n<\/div>\n","protected":false},"excerpt":{"rendered":"<p>As for\u00e7as de seguran\u00e7a da Pol\u00edcia Penal, Civil e Militar realizaram, nesta ter\u00e7a-feira (06.08), a<\/p>\n","protected":false},"author":2,"featured_media":21482,"comment_status":"registered_only","ping_status":"closed","sticky":false,"template":"","format":"standard","meta":{"footnotes":""},"categories":[7],"tags":[],"aioseo_notices":[],"_links":{"self":[{"href":"https:\/\/portalnewsgta.com.br\/index.php\/wp-json\/wp\/v2\/posts\/21481"}],"collection":[{"href":"https:\/\/portalnewsgta.com.br\/index.php\/wp-json\/wp\/v2\/posts"}],"about":[{"href":"https:\/\/portalnewsgta.com.br\/index.php\/wp-json\/wp\/v2\/types\/post"}],"author":[{"embeddable":true,"href":"https:\/\/portalnewsgta.com.br\/index.php\/wp-json\/wp\/v2\/users\/2"}],"replies":[{"embeddable":true,"href":"https:\/\/portalnewsgta.com.br\/index.php\/wp-json\/wp\/v2\/comments?post=21481"}],"version-history":[{"count":0,"href":"https:\/\/portalnewsgta.com.br\/index.php\/wp-json\/wp\/v2\/posts\/21481\/revisions"}],"wp:featuredmedia":[{"embeddable":true,"href":"https:\/\/portalnewsgta.com.br\/index.php\/wp-json\/wp\/v2\/media\/21482"}],"wp:attachment":[{"href":"https:\/\/portalnewsgta.com.br\/index.php\/wp-json\/wp\/v2\/media?parent=21481"}],"wp:term":[{"taxonomy":"category","embeddable":true,"href":"https:\/\/portalnewsgta.com.br\/index.php\/wp-json\/wp\/v2\/categories?post=21481"},{"taxonomy":"post_tag","embeddable":true,"href":"https:\/\/portalnewsgta.com.br\/index.php\/wp-json\/wp\/v2\/tags?post=21481"}],"curies":[{"name":"wp","href":"https:\/\/api.w.org\/{rel}","templated":true}]}}