{"id":21471,"date":"2024-08-06T19:01:02","date_gmt":"2024-08-06T22:01:02","guid":{"rendered":"https:\/\/portalnewsgta.com.br\/index.php\/2024\/08\/06\/escola-de-saude-publica-capacita-mais-de-99-mil-profissionais-em-mais-de-cinco-anos\/"},"modified":"2024-08-06T19:01:02","modified_gmt":"2024-08-06T22:01:02","slug":"escola-de-saude-publica-capacita-mais-de-99-mil-profissionais-em-mais-de-cinco-anos","status":"publish","type":"post","link":"https:\/\/portalnewsgta.com.br\/index.php\/2024\/08\/06\/escola-de-saude-publica-capacita-mais-de-99-mil-profissionais-em-mais-de-cinco-anos\/","title":{"rendered":"Escola de Sa\u00fade P\u00fablica capacita mais de 99 mil profissionais em mais de cinco anos"},"content":{"rendered":"<div>\n<div id=\"infocoweb\" data-uuid=\"c13ea9a1-99a7-4d0d-832b-596708eef882\" class=\"infocoweb infocoweb_canal_61\">\n<div id=\"infocoweb_cabecalho\" class=\"infocoweb_cabecalho\"><\/div>\n<div id=\"infocoweb_corpo\" class=\"infocoweb_corpo\"><span class=\"ifn_post_add_feature_image_to_the_top\"><\/span><\/p>\n<p dir=\"ltr\" style=\"text-align: justify\">A Escola de Sa\u00fade P\u00fablica de Mato Grosso (ESP-MT), administrada pela Secretaria de Estado de Sa\u00fade (SES), capacitou mais do que o dobro de profissionais de sa\u00fade entre 2019 e 2024 do que nos 19 anos anteriores da institui\u00e7\u00e3o.<\/p>\n<p dir=\"ltr\" style=\"text-align: justify\">Conforme balan\u00e7o da institui\u00e7\u00e3o, foram 99.440 profissionais de sa\u00fade formados entre os anos de 2019 e 2024, contra um total de 46.299 trabalhadores da categoria que se qualificaram pela unidade entre 1999 a 2018.<\/p>\n<p dir=\"ltr\" style=\"text-align: justify\">A unidade da ESP, localizada no bairro Coophema, em Cuiab\u00e1, est\u00e1 com 90% das obras de moderniza\u00e7\u00e3o conclu\u00eddas. Quando finalizadas, a institui\u00e7\u00e3o poder\u00e1 realizar at\u00e9 1.800 capacita\u00e7\u00f5es presenciais por m\u00eas, e 21.600 capacita\u00e7\u00f5es por ano.<\/p>\n<p dir=\"ltr\" style=\"text-align: justify\">O secret\u00e1rio de Estado de Sa\u00fade, Gilberto Figueiredo, enfatizou que a Escola de Sa\u00fade P\u00fablica \u00e9 um importante instrumento de forma\u00e7\u00e3o e qualifica\u00e7\u00e3o de profissionais da sa\u00fade.<\/p>\n<p dir=\"ltr\" style=\"text-align: justify\">\u201cA Escola de Sa\u00fade P\u00fablica \u00e9 um pilar fundamental na forma\u00e7\u00e3o e na capacita\u00e7\u00e3o dos profissionais que atuam no Sistema \u00danico de Sa\u00fade (SUS) em Mato Grosso. Por meio de seus programas, a unidade proporciona a qualifica\u00e7\u00e3o de profissionais que levam at\u00e9 a popula\u00e7\u00e3o atendimentos de refer\u00eancia em diversas \u00e1reas\u201d, destacou o secret\u00e1rio.<\/p>\n<p dir=\"ltr\" style=\"text-align: justify\">A moderniza\u00e7\u00e3o da ESP abrange nove salas de aula, um audit\u00f3rio, uma biblioteca, um est\u00fadio, uma cozinha\/refeit\u00f3rio, al\u00e9m do setor administrativo.<\/p>\n<p dir=\"ltr\" style=\"text-align: justify\"><source><img fetchpriority=\"high\" decoding=\"async\" alt=\"\" height=\"355\" src=\"https:\/\/www.secom.mt.gov.br\/documents\/d\/mt\/whatsapp-image-2024-08-06-at-14-54-36-2-jpeg\" width=\"532\">         <\/source>  <\/p>\n<p dir=\"ltr\" style=\"text-align: justify\">A infraestrutura incluir\u00e1 oito salas de aula para 30 pessoas, e outra que comportar\u00e1 at\u00e9 60 pessoas. Al\u00e9m disso, a unidade disponibilizar\u00e1 um audit\u00f3rio com capacidade para at\u00e9 150 pessoas.<\/p>\n<p dir=\"ltr\" style=\"text-align: justify\">A diretora da ESP-MT, Silvia Aparecida Tomaz, destacou que a unidade \u00e9 refer\u00eancia em diversas atividades inovadoras, principalmente no cen\u00e1rio da hansenologia.<\/p>\n<p dir=\"ltr\" style=\"text-align: justify\">\u201cA Escola \u00e9 refer\u00eancia nacional em diversas \u00e1reas de especializa\u00e7\u00e3o, incluindo fitoterapia, hansenologia e Transtorno do Espectro Autista (TEA). Essas a\u00e7\u00f5es destacam nossa institui\u00e7\u00e3o como um modelo de excel\u00eancia no Brasil. Al\u00e9m disso, ofertamos o curso t\u00e9cnico de enfermagem descentralizada, ampliando o acesso \u00e0 forma\u00e7\u00e3o de qualidade em diferentes regi\u00f5es\u201d, explicou.<\/p>\n<p dir=\"ltr\" style=\"text-align: justify\">Atualmente, cerca de 100 profissionais est\u00e3o envolvidos nas atividades administrativas da ESP. Al\u00e9m disso, a Escola de Sa\u00fade conta com um banco de aproximadamente mil profissionais qualificados para a realiza\u00e7\u00e3o de capacita\u00e7\u00f5es e garantir a continuidade e a qualidade dos cursos oferecidos.<\/p>\n<p dir=\"ltr\" style=\"text-align: justify\">\u201cA ESP tem compromisso com a forma\u00e7\u00e3o e qualifica\u00e7\u00e3o de excel\u00eancia, contribuindo para a melhoria da Sa\u00fade P\u00fablica em Mato Grosso, al\u00e9m de preparar os profissionais para os desafios dos processos educativos no SUS\u201d, finalizou a diretora.<\/p>\n<p dir=\"ltr\" style=\"text-align: justify\"><source><img loading=\"lazy\" decoding=\"async\" alt=\"\" height=\"327\" src=\"https:\/\/www.secom.mt.gov.br\/documents\/d\/mt\/whatsapp-image-2024-08-06-at-14-54-36-1-jpeg\" width=\"490\">         <\/source><\/p>\n<p id=\"infocoweb_fonte\" class=\"infocoweb_fonte\">Fonte: Governo MT \u2013 MT<\/p>\n<style>#infocoweb_cabecalho {\n        display: inline-block;\n        margin-top: -75px;\n        position: absolute;\n        right: 0;\n    }\n<\/style>\n<style><\/style>\n<\/div>\n<div id=\"infocoweb_rodape\" class=\"infocoweb_rodape\"><\/div>\n<\/div>\n<p>O post Escola de Sa\u00fade P\u00fablica capacita mais de 99 mil profissionais em mais de cinco anos apareceu primeiro em Portal MT.<\/p>\n<\/div>\n","protected":false},"excerpt":{"rendered":"<p>A Escola de Sa\u00fade P\u00fablica de Mato Grosso (ESP-MT), administrada pela Secretaria de Estado de<\/p>\n","protected":false},"author":2,"featured_media":21472,"comment_status":"registered_only","ping_status":"closed","sticky":false,"template":"","format":"standard","meta":{"footnotes":""},"categories":[7],"tags":[],"aioseo_notices":[],"_links":{"self":[{"href":"https:\/\/portalnewsgta.com.br\/index.php\/wp-json\/wp\/v2\/posts\/21471"}],"collection":[{"href":"https:\/\/portalnewsgta.com.br\/index.php\/wp-json\/wp\/v2\/posts"}],"about":[{"href":"https:\/\/portalnewsgta.com.br\/index.php\/wp-json\/wp\/v2\/types\/post"}],"author":[{"embeddable":true,"href":"https:\/\/portalnewsgta.com.br\/index.php\/wp-json\/wp\/v2\/users\/2"}],"replies":[{"embeddable":true,"href":"https:\/\/portalnewsgta.com.br\/index.php\/wp-json\/wp\/v2\/comments?post=21471"}],"version-history":[{"count":0,"href":"https:\/\/portalnewsgta.com.br\/index.php\/wp-json\/wp\/v2\/posts\/21471\/revisions"}],"wp:featuredmedia":[{"embeddable":true,"href":"https:\/\/portalnewsgta.com.br\/index.php\/wp-json\/wp\/v2\/media\/21472"}],"wp:attachment":[{"href":"https:\/\/portalnewsgta.com.br\/index.php\/wp-json\/wp\/v2\/media?parent=21471"}],"wp:term":[{"taxonomy":"category","embeddable":true,"href":"https:\/\/portalnewsgta.com.br\/index.php\/wp-json\/wp\/v2\/categories?post=21471"},{"taxonomy":"post_tag","embeddable":true,"href":"https:\/\/portalnewsgta.com.br\/index.php\/wp-json\/wp\/v2\/tags?post=21471"}],"curies":[{"name":"wp","href":"https:\/\/api.w.org\/{rel}","templated":true}]}}