{"id":21459,"date":"2024-08-06T17:43:58","date_gmt":"2024-08-06T20:43:58","guid":{"rendered":"https:\/\/portalnewsgta.com.br\/index.php\/2024\/08\/06\/luiz-mauricio-encerra-jejum-de-quase-100-anos-e-vai-a-final-do-lancamento-do-dardo-em-paris\/"},"modified":"2024-08-06T17:43:58","modified_gmt":"2024-08-06T20:43:58","slug":"luiz-mauricio-encerra-jejum-de-quase-100-anos-e-vai-a-final-do-lancamento-do-dardo-em-paris","status":"publish","type":"post","link":"https:\/\/portalnewsgta.com.br\/index.php\/2024\/08\/06\/luiz-mauricio-encerra-jejum-de-quase-100-anos-e-vai-a-final-do-lancamento-do-dardo-em-paris\/","title":{"rendered":"Luiz Maur\u00edcio encerra jejum de quase 100 anos e vai \u00e0 final do lan\u00e7amento do dardo em Paris"},"content":{"rendered":"<p>Luiz Maur\u00edcio da Silva encerrou nesta ter\u00e7a-feira um jejum de quase 100 anos no atletismo brasileiro. Ele avan\u00e7ou \u00e0 final do lan\u00e7amento do dardo na Olimp\u00edada de Paris-2024, o que n\u00e3o acontecia h\u00e1 92 anos na hist\u00f3ria da prova. O \u00faltimo representante do Pa\u00eds numa final desta categoria foi Heitor Medina nos Jogos de Los Angeles-1932.<\/p>\n<div class=\"dummyPub\">\u00a0<\/div>\n<p>Luiz Maur\u00edcio obteve a sexta marca na fase classificat\u00f3ria, com 85,91 metros, no Stade de France, nos arredores da capital francesa. Trata-se do novo recorde brasileiro e sul-americano, que j\u00e1 pertenciam ao atleta, garantido entre os 12 finalistas da prova. A briga por medalha est\u00e1 marcada para quinta-feira, \u00e0s 15h25, pelo hor\u00e1rio de Bras\u00edlia.<\/p>\n<p>Ao fim da prova, o mineiro de 24 anos celebrou a vaga na final e tamb\u00e9m o melhor resultado da sua carreira. &#8220;Um PB (personal best) na Olimp\u00edada foi uma surpresa muito grande. Competir com os melhores aqui, atletas que eu via na televis\u00e3o&#8230; Estar competindo com eles e estar numa final ol\u00edmpica&#8230; n\u00e3o tenho nem o que falar. Foi um bom lan\u00e7amento e \u00e9 isso, at\u00e9 o final. Gostei muito da qualifica\u00e7\u00e3o, tive alguns erros, e agora \u00e9 chegar na final e ir pra cima&#8221;, disse Luiz Maur\u00edcio.<\/p>\n<p>H\u00e1 92 anos, em Los Angeles, o Brasil foi representado por Heitor Medina, \u00faltimo finalista do Pa\u00eds no dardo. Na ocasi\u00e3o, ficou em 11\u00ba lugar, com um lan\u00e7amento de 58 metros. O Brasil s\u00f3 voltou a ter um representante na prova no Rio-2016, quando pode emplacar atletas em todas as modalidades por ser sede dos Jogos. J\u00falio C\u00e9sar de Oliveira que terminou em 16\u00ba lugar, sem vaga na final.<\/p>\n<p>Na capital francesa, Luiz Maur\u00edcio teve a companhia de Pedro Henrique Nunes, que lan\u00e7ou 79,46m e n\u00e3o conseguiu avan\u00e7ar \u00e0 final. Terminou no 19\u00ba posto na fase classificat\u00f3ria.<\/p>\n<p>O Brasil tamb\u00e9m emplacou um representante na semifinal dos 110 metros com barreiras com Rafael Pereira, que superou a repescagem com 13s54. Antes Eduardo Rodrigues de Deus j\u00e1 havia garantido a classifica\u00e7\u00e3o direta na mesma prova. A semifinal ser\u00e1 na quarta-feira, \u00e0s 14h05 (de Bras\u00edlia).<\/p>\n<p>&#8220;Eu estava muito concentrado e vim buscar a minha classifica\u00e7\u00e3o. Tive uma falha grande na nona barreira, bati no ataque e perdi muito tempo. A barreira pune, \u00e9 sair dela o mais r\u00e1pido poss\u00edvel, sem bater. Foi uma prova boa e por ter dado esse tiro hoje, vou chegar melhor que meus advers\u00e1rios amanh\u00e3, porque vou estar mais aquecido&#8221;, projetou Rafael.<\/p>\n<p>Nas demais provas da primeira sess\u00e3o do atletismo nesta ter\u00e7a, Eliane Martins e Lissandra Campos n\u00e3o conseguiram avan\u00e7ar \u00e0 final do salto em dist\u00e2ncia. Eliane fez 6,36 metros, enquanto Lissandra registrou 6,02m. Elas ficaram em 23\u00ba e 31\u00ba lugar, respectivamente. Nos 400 metros rasos, Tiffani Marinho n\u00e3o passou da repescagem, com o tempo de 52s32.<\/p>\n<p>Fonte: noticiasaominuto.com.br<\/p>\n","protected":false},"excerpt":{"rendered":"<p>Luiz Maur\u00edcio da Silva encerrou nesta ter\u00e7a-feira um jejum de quase 100 anos no atletismo<\/p>\n","protected":false},"author":0,"featured_media":21460,"comment_status":"open","ping_status":"open","sticky":false,"template":"","format":"standard","meta":{"footnotes":""},"categories":[4],"tags":[],"aioseo_notices":[],"_links":{"self":[{"href":"https:\/\/portalnewsgta.com.br\/index.php\/wp-json\/wp\/v2\/posts\/21459"}],"collection":[{"href":"https:\/\/portalnewsgta.com.br\/index.php\/wp-json\/wp\/v2\/posts"}],"about":[{"href":"https:\/\/portalnewsgta.com.br\/index.php\/wp-json\/wp\/v2\/types\/post"}],"replies":[{"embeddable":true,"href":"https:\/\/portalnewsgta.com.br\/index.php\/wp-json\/wp\/v2\/comments?post=21459"}],"version-history":[{"count":0,"href":"https:\/\/portalnewsgta.com.br\/index.php\/wp-json\/wp\/v2\/posts\/21459\/revisions"}],"wp:featuredmedia":[{"embeddable":true,"href":"https:\/\/portalnewsgta.com.br\/index.php\/wp-json\/wp\/v2\/media\/21460"}],"wp:attachment":[{"href":"https:\/\/portalnewsgta.com.br\/index.php\/wp-json\/wp\/v2\/media?parent=21459"}],"wp:term":[{"taxonomy":"category","embeddable":true,"href":"https:\/\/portalnewsgta.com.br\/index.php\/wp-json\/wp\/v2\/categories?post=21459"},{"taxonomy":"post_tag","embeddable":true,"href":"https:\/\/portalnewsgta.com.br\/index.php\/wp-json\/wp\/v2\/tags?post=21459"}],"curies":[{"name":"wp","href":"https:\/\/api.w.org\/{rel}","templated":true}]}}