{"id":21419,"date":"2024-08-06T13:00:33","date_gmt":"2024-08-06T16:00:33","guid":{"rendered":"https:\/\/portalnewsgta.com.br\/index.php\/2024\/08\/06\/secel-promove-capacitacao-sobre-gestao-de-projetos-para-ribeirinhos-indigenas-e-agricultores\/"},"modified":"2024-08-06T13:00:33","modified_gmt":"2024-08-06T16:00:33","slug":"secel-promove-capacitacao-sobre-gestao-de-projetos-para-ribeirinhos-indigenas-e-agricultores","status":"publish","type":"post","link":"https:\/\/portalnewsgta.com.br\/index.php\/2024\/08\/06\/secel-promove-capacitacao-sobre-gestao-de-projetos-para-ribeirinhos-indigenas-e-agricultores\/","title":{"rendered":"Secel promove capacita\u00e7\u00e3o sobre gest\u00e3o de projetos para ribeirinhos, ind\u00edgenas e agricultores"},"content":{"rendered":"<div>\n<div id=\"infocoweb\" data-uuid=\"67b5052d-9974-4b45-917d-a3a38a097532\" class=\"infocoweb infocoweb_canal_61\">\n<div id=\"infocoweb_cabecalho\" class=\"infocoweb_cabecalho\"><\/div>\n<div id=\"infocoweb_corpo\" class=\"infocoweb_corpo\"><span class=\"ifn_post_add_feature_image_to_the_top\"><\/span><\/p>\n<div class=\"test-logger\">      39     <\/div>\n<div class=\"test-logger\">      39     <\/div>\n<div class=\"test-logger\">      39     <\/div>\n<p style=\"text-align: justify\">Est\u00e3o abertas inscri\u00e7\u00f5es para o curso de gest\u00e3o de associa\u00e7\u00f5es e projetos socioculturais, voltado para l\u00edderes ribeirinhos, ind\u00edgenas e agricultores familiares. A participa\u00e7\u00e3o pode ser confirmada online, e ser\u00e1 realizada entre os dias 07 e 10 de agosto, no Distrito de Fontanillas, em Ju\u00edna. A capacita\u00e7\u00e3o \u00e9 realizada por meio do Edital Viver Cultura, da Secretaria de Estado de Cultura, Esporte e Lazer (Secel-MT).<\/p>\n<p style=\"text-align: justify\">Com carga hor\u00e1ria de 30 horas, a proposta do curso \u00e9 levar conhecimentos de gest\u00e3o para este p\u00fablico, de modo a melhorar o direcionamento estrat\u00e9gico e o funcionamento administrativo dos projetos desenvolvidos nesses territ\u00f3rios. Al\u00e9m disso, tamb\u00e9m tem o objetivo de impulsionar o potencial de desenvolvimento de a\u00e7\u00f5es de preserva\u00e7\u00e3o da cultura e do meio ambiente nessas localidades.<\/p>\n<p style=\"text-align: justify\"><source><img fetchpriority=\"high\" decoding=\"async\" alt=\"\" height=\"729\" src=\"https:\/\/www.secom.mt.gov.br\/documents\/d\/sec\/projeto_arte_que_tece_fortalece_rikbaktsa?imageThumbnail=31?imageThumbnail=3\" width=\"971\">      <\/source>  <\/p>\n<p style=\"text-align: justify\">Com foco na valoriza\u00e7\u00e3o e prote\u00e7\u00e3o da cultura ind\u00edgena e ribeirinha, outros projetos j\u00e1 foram executados na regi\u00e3o de Ju\u00edna por meio do Edital Viver Cultura. As a\u00e7\u00f5es s\u00e3o conduzidas pelo Instituto Saberes, e entre eles est\u00e3o as oficinas \u2018Arte que tece e fortalece \u2013 para n\u00e3o deixar de ser Rikbaktsa\u2019 e \u2018Pintura corporal Rikbaktsa\u2019, nas aldeias P\u00e9 de Mutum (Juara) e Pedra Bonita (Brasnorte).<\/p>\n<p style=\"text-align: justify\">A oficina \u2018Arte que tece e fortalece \u2013 para n\u00e3o deixar de ser Rikbaktsa\u2019 propiciou a fabrica\u00e7\u00e3o de \u2018Myhara\u2019, um cocar de guerra considerado \u00fanico no Brasil cujo processo de cria\u00e7\u00e3o dura de tr\u00eas a 12 meses. A a\u00e7\u00e3o teve o objetivo de fortalecer a tradi\u00e7\u00e3o e a identidade do povo Rikbaktsa, garantindo a troca de saberes entre gera\u00e7\u00f5es, envolvendo a conviv\u00eancia inserida na simbologia do modo de fazer do cocar e na pr\u00e1tica da l\u00edngua m\u00e3e.<\/p>\n<p style=\"text-align: justify\">O projeto \u2018Pintura corporal Rikbaktsa\u2019 consistiu na realiza\u00e7\u00e3o de uma oficina tem\u00e1tica para compartilhar e atualizar o conhecimento entre anci\u00e3os e jovens da etnia, utilizando t\u00e9cnicas de pintura com jenipapo, urucum e pinc\u00e9is de madeira feitos pelos ind\u00edgenas.<\/p>\n<p style=\"text-align: justify\">A atividade incluiu pintura corporal com o registro das mesmas em papel para servir de registro e objeto de pesquisa, uma vez que a pintura tem diferentes simbologias para a comunidade. Entre elas est\u00e3o: a identifica\u00e7\u00e3o dos cl\u00e3s, a prote\u00e7\u00e3o do corpo e do esp\u00edrito.<\/p>\n<p style=\"text-align: justify\"><source><img loading=\"lazy\" decoding=\"async\" alt=\"\" height=\"697\" src=\"https:\/\/www.secom.mt.gov.br\/documents\/d\/sec\/projeto_arte_que_tece_fortalece_rikbaktsa\" width=\"929\">      <\/source>  <\/p>\n<p style=\"text-align: justify\"><strong>Servi\u00e7o |  Curso de Gest\u00e3o de Associa\u00e7\u00f5es e Projetos Socioculturais em Territ\u00f3rios Ribeirinhos, Ind\u00edgenas e Agricultores Familiares<\/strong><\/p>\n<p style=\"text-align: justify\">Per\u00edodo: 7 e 8 de agosto, na Escola Municipal Vin\u00edcius de Morais, Distrito de Fontanillas, Ju\u00edna\/MT<\/p>\n<p style=\"text-align: justify\">Link para inscri\u00e7\u00e3o: AQUI <\/p>\n<p style=\"text-align: justify\">Mais informa\u00e7\u00f5es: (66) 98439-2168 e (66) 98128-3571 <\/p>\n<p style=\"text-align: justify\"><source><img loading=\"lazy\" decoding=\"async\" alt=\"\" height=\"643\" src=\"https:\/\/www.secom.mt.gov.br\/documents\/d\/sec\/pintura_corporal_rikbaktsa1?imageThumbnail=3\" width=\"966\">      <\/source>  <\/p>\n<p id=\"infocoweb_fonte\" class=\"infocoweb_fonte\">Fonte: Governo MT \u2013 MT<\/p>\n<style>#infocoweb_cabecalho {\n        display: inline-block;\n        margin-top: -75px;\n        position: absolute;\n        right: 0;\n    }\n<\/style>\n<style><\/style>\n<\/div>\n<div id=\"infocoweb_rodape\" class=\"infocoweb_rodape\"><\/div>\n<\/div>\n<p>O post Secel promove capacita\u00e7\u00e3o sobre gest\u00e3o de projetos para ribeirinhos, ind\u00edgenas e agricultores apareceu primeiro em Portal MT.<\/p>\n<\/div>\n","protected":false},"excerpt":{"rendered":"<p>39 39 39 Est\u00e3o abertas inscri\u00e7\u00f5es para o curso de gest\u00e3o de associa\u00e7\u00f5es e projetos<\/p>\n","protected":false},"author":2,"featured_media":21420,"comment_status":"registered_only","ping_status":"closed","sticky":false,"template":"","format":"standard","meta":{"footnotes":""},"categories":[7],"tags":[],"aioseo_notices":[],"_links":{"self":[{"href":"https:\/\/portalnewsgta.com.br\/index.php\/wp-json\/wp\/v2\/posts\/21419"}],"collection":[{"href":"https:\/\/portalnewsgta.com.br\/index.php\/wp-json\/wp\/v2\/posts"}],"about":[{"href":"https:\/\/portalnewsgta.com.br\/index.php\/wp-json\/wp\/v2\/types\/post"}],"author":[{"embeddable":true,"href":"https:\/\/portalnewsgta.com.br\/index.php\/wp-json\/wp\/v2\/users\/2"}],"replies":[{"embeddable":true,"href":"https:\/\/portalnewsgta.com.br\/index.php\/wp-json\/wp\/v2\/comments?post=21419"}],"version-history":[{"count":0,"href":"https:\/\/portalnewsgta.com.br\/index.php\/wp-json\/wp\/v2\/posts\/21419\/revisions"}],"wp:featuredmedia":[{"embeddable":true,"href":"https:\/\/portalnewsgta.com.br\/index.php\/wp-json\/wp\/v2\/media\/21420"}],"wp:attachment":[{"href":"https:\/\/portalnewsgta.com.br\/index.php\/wp-json\/wp\/v2\/media?parent=21419"}],"wp:term":[{"taxonomy":"category","embeddable":true,"href":"https:\/\/portalnewsgta.com.br\/index.php\/wp-json\/wp\/v2\/categories?post=21419"},{"taxonomy":"post_tag","embeddable":true,"href":"https:\/\/portalnewsgta.com.br\/index.php\/wp-json\/wp\/v2\/tags?post=21419"}],"curies":[{"name":"wp","href":"https:\/\/api.w.org\/{rel}","templated":true}]}}