{"id":21364,"date":"2024-08-06T07:55:57","date_gmt":"2024-08-06T10:55:57","guid":{"rendered":"https:\/\/portalnewsgta.com.br\/?p=21364"},"modified":"2024-08-06T07:55:57","modified_gmt":"2024-08-06T10:55:57","slug":"mauro-diz-que-botelho-nao-precisa-prometer-mundos-e-fundos","status":"publish","type":"post","link":"https:\/\/portalnewsgta.com.br\/index.php\/2024\/08\/06\/mauro-diz-que-botelho-nao-precisa-prometer-mundos-e-fundos\/","title":{"rendered":"Mauro diz que Botelho n\u00e3o precisa &#8216;prometer mundos e fundos&#8217;"},"content":{"rendered":"<div class=\"col-xs-12 col-sm-12 col-md-12 col-lg-12 mb10\">\n<div class=\"row\">\n<div class=\"col-xs-12 col-sm-12 col-md-12 col-lg-12 mb15\">\n<div class=\"row\">\n<div class=\"col-xs-12 col-sm-11 col-md-11 col-lg-11 autorer\"><span class=\"autores_fontes_nome\">Vinicius Mendes e Jessica Bachega<\/span><\/p>\n<p class=\"autores_fontes_email\">redacao@gazetadigital.com.br<\/p>\n<\/div>\n<\/div>\n<\/div>\n<\/div>\n<\/div>\n<div class=\"col-xs-12 col-sm-12 col-md-12 col-lg-12 mb30\">\n<p class=\"credito-1\">Jo\u00e3o Vieira<\/p>\n<p><span class=\"img-conteudo pull-left\"><a href=\"https:\/\/www.gazetadigital.com.br\/storage\/webdisco\/2024\/08\/05\/1200x900\/200e8fb589e223c380f664656b3f82da.jpg\" data-fancybox=\"gallery\" data-caption=\"Jo\u00e3o Vieira\"><img decoding=\"async\" src=\"https:\/\/www.gazetadigital.com.br\/storage\/webdisco\/2024\/08\/05\/431x285\/200e8fb589e223c380f664656b3f82da.jpg\" alt=\"Jo\u00e3o Vieira\" \/><\/a><\/span><\/p>\n<p class=\"img-conteudo-desc\">\n<div id=\"text-content\" class=\"mb20\">\n<p>Com uma ora\u00e7\u00e3o, o governador Mauro Mendes (Uni\u00e3o) iniciou seu discurso na conven\u00e7\u00e3o da coliga\u00e7\u00e3o \u201cJuntos para mudar Cuiab\u00e1\u201d, que tem Eduardo Botelho (Uni\u00e3o) e Marcelo Sandrin (Republicanos) como candidatos a prefeito e vice, respectivamente, \u00e0 Prefeitura de Cuiab\u00e1. O chefe do Executivo convoca os presentes a dar as m\u00e3os e rezar o Pai-Nosso.<\/p>\n<p>Depois, ele lembrou que foi prefeito da Capital por 4 anos e que os tempos sombrios atuais est\u00e3o \u201cindo embora\u201d.<\/p>\n<p>\u201cVoc\u00ea tem a miss\u00e3o de tirar Cuiab\u00e1 do buraco, que eu escolhi e milhares de brasileiros escolheram. Tenho orgulho de ter sido prefeito de Cuiab\u00e1 por 4 anos. Eu garanto, Botelho, voc\u00ea como prefeito de Cuiab\u00e1, faremos muitos investimentos de Cuiab\u00e1. Os tempos sombrios est\u00e3o sendo afastados, com a ben\u00e7\u00e3o de Deus, ben\u00e7\u00e3o dos eleitores. Voc\u00ea vai ser eleitor o nosso prefeito de Cuiab\u00e1 para bem de todos\u201d, disse o governador.<\/p>\n<p>&nbsp;<\/p>\n<p>&nbsp;<\/p>\n<p>&nbsp;<\/p>\n<p>Mauro Mendes afirmou que vai apoiar Botelho, mas n\u00e3o se dedicar \u00e0 campanha. Ele afirmou que presente visitar algumas cidades do interior, mas sua prioridade \u00e9 governar.<\/p>\n<p>\u201cO que ganha elei\u00e7\u00e3o \u00e9 trabalho e dedica\u00e7\u00e3o. Botelho tem todas as condi\u00e7\u00f5es para trabalhar muito. Se vai ganhar no primeiro turno ou n\u00e3o vamos ver mais pra frente\u201d, disse.<\/p>\n<p>Mendes pontuou que \u00e9 \u201cemocionante\u201d ter Maria de Oliveira na conven\u00e7\u00e3o. A idosa tem 103 anos e \u00e9 m\u00e3e do ex-governador Dante de Oliveira, que foi propositor da lei de Diretas J\u00e1, que fez com que o voto direto fosse implantado no pa\u00eds. Na \u00e9poca ele era senador.<\/p>\n<p>\u201cDante foi uma das grandes lideran\u00e7as que Mato Grosso j\u00e1 produziu. Foi figura muito importante para a redemocratiza\u00e7\u00e3o do pa\u00eds. T\u00ea-la aqui \u00e9 muito emocionante\u201d, declarou.<\/p>\n<p>Para Mauro, a \u201creceita\u201d para ganhar elei\u00e7\u00e3o \u00e9 trabalho, dedica\u00e7\u00e3o e falar a verdade. \u201cPovo n\u00e3o gosta de muita promessa\u201d.<\/p>\n<p>\u201cBotelho n\u00e3o precisa prometer mundos e fundos. Ele vai pegar uma prefeitura quebrada, endividada, desorganizada. \u00c9 s\u00f3 Deus na frente, trabalhar muito, e fazer tudo com seriedade\u201d, orientou.<\/p>\n<p>&nbsp;<\/p>\n<\/div>\n<\/div>\n","protected":false},"excerpt":{"rendered":"<p>Vinicius Mendes e Jessica Bachega redacao@gazetadigital.com.br Jo\u00e3o Vieira Com uma ora\u00e7\u00e3o, o governador Mauro Mendes<\/p>\n","protected":false},"author":2,"featured_media":21365,"comment_status":"open","ping_status":"open","sticky":false,"template":"","format":"standard","meta":{"footnotes":""},"categories":[13,2],"tags":[],"aioseo_notices":[],"_links":{"self":[{"href":"https:\/\/portalnewsgta.com.br\/index.php\/wp-json\/wp\/v2\/posts\/21364"}],"collection":[{"href":"https:\/\/portalnewsgta.com.br\/index.php\/wp-json\/wp\/v2\/posts"}],"about":[{"href":"https:\/\/portalnewsgta.com.br\/index.php\/wp-json\/wp\/v2\/types\/post"}],"author":[{"embeddable":true,"href":"https:\/\/portalnewsgta.com.br\/index.php\/wp-json\/wp\/v2\/users\/2"}],"replies":[{"embeddable":true,"href":"https:\/\/portalnewsgta.com.br\/index.php\/wp-json\/wp\/v2\/comments?post=21364"}],"version-history":[{"count":1,"href":"https:\/\/portalnewsgta.com.br\/index.php\/wp-json\/wp\/v2\/posts\/21364\/revisions"}],"predecessor-version":[{"id":21366,"href":"https:\/\/portalnewsgta.com.br\/index.php\/wp-json\/wp\/v2\/posts\/21364\/revisions\/21366"}],"wp:featuredmedia":[{"embeddable":true,"href":"https:\/\/portalnewsgta.com.br\/index.php\/wp-json\/wp\/v2\/media\/21365"}],"wp:attachment":[{"href":"https:\/\/portalnewsgta.com.br\/index.php\/wp-json\/wp\/v2\/media?parent=21364"}],"wp:term":[{"taxonomy":"category","embeddable":true,"href":"https:\/\/portalnewsgta.com.br\/index.php\/wp-json\/wp\/v2\/categories?post=21364"},{"taxonomy":"post_tag","embeddable":true,"href":"https:\/\/portalnewsgta.com.br\/index.php\/wp-json\/wp\/v2\/tags?post=21364"}],"curies":[{"name":"wp","href":"https:\/\/api.w.org\/{rel}","templated":true}]}}