{"id":21326,"date":"2024-08-06T06:43:40","date_gmt":"2024-08-06T09:43:40","guid":{"rendered":"https:\/\/portalnewsgta.com.br\/index.php\/2024\/08\/06\/um-dos-maiores-nomes-da-musica-brasileira-diz-faustao-ao-lamentar-a-morte-de-caculinha\/"},"modified":"2024-08-06T06:43:40","modified_gmt":"2024-08-06T09:43:40","slug":"um-dos-maiores-nomes-da-musica-brasileira-diz-faustao-ao-lamentar-a-morte-de-caculinha","status":"publish","type":"post","link":"https:\/\/portalnewsgta.com.br\/index.php\/2024\/08\/06\/um-dos-maiores-nomes-da-musica-brasileira-diz-faustao-ao-lamentar-a-morte-de-caculinha\/","title":{"rendered":"&#8216;Um dos maiores nomes da m\u00fasica brasileira&#8217;, diz Faust\u00e3o ao lamentar a morte de Ca\u00e7ulinha"},"content":{"rendered":"<p>S\u00c3O PAULO, SP (FOLHAPRESS) &#8211; Fausto Silva, o Faust\u00e3o, lamentou a morte de Rubens Ant\u00f4nio da Silva, o Ca\u00e7ulinha, que fez a trilha do Doming\u00e3o do Faust\u00e3o por mais de 20 anos. O m\u00fasico morreu na madrugada desta segunda (5), aos 86 anos, ap\u00f3s ficar dez dias internado em S\u00e3o Paulo para se recuperar de um infarto.<\/p>\n<div class=\"dummyPub\">\u00a0<\/div>\n<p>&#8220;Fora a import\u00e2ncia na m\u00fasica brasileira, no show do Brasil e em termos culturais, um cara que trabalhou com Tony Bennett, Roberto Carlos, Elis Regina, Elizeth Cardoso, ngela Maria, Cauby Peixoto, [foi] um dos maiores nomes da m\u00fasica brasileira com muita lealdade e muita compet\u00eancia e muita versatilidade&#8221;, afirmou Faust\u00e3o, em nota enviada \u00e0 imprensa.<\/p>\n<p>O apresentador de 74 anos disse que Ca\u00e7ulinha era um de seus amigos mais antigos, que ele conhecia desde 1965. &#8220;O conheci apresentando um programa de r\u00e1dio chamado R\u00e1dio Baile, em Campinas. Desde l\u00e1 tivemos uma conviv\u00eancia absurda de viajar junto, de dividir a vida junto, de curtir os altos e baixos da vida. Foi um prazer ter trabalhado com ele. Um \u00f3timo car\u00e1ter, um cara criativo que convivi bastante!&#8221;<\/p>\n<p>Seu \u00fanico consolo, afirma Faust\u00e3o, \u00e9 que a vida do m\u00fasico foi &#8220;extraordin\u00e1ria&#8221;. &#8220;Ainda bem que ele n\u00e3o sofreu tanto como em algumas doen\u00e7as, ele viveu e entrou no grande baile da vida, fez hist\u00f3ria e deixar\u00e1 saudades!&#8221;<\/p>\n<p>Ca\u00e7ulinha acompanhou Faust\u00e3o desde os anos 1980, no programa Perdidos na Noite, da Bandeirantes. A parceria se estenderia com a ida do apresentador \u00e0 Globo, a partir de 1989.<\/p>\n<p>O m\u00fasico ficou no programa at\u00e9 2009, quando foi demitido ap\u00f3s, segundo publicou a Folha na \u00e9poca, ter feito cr\u00edticas ao pr\u00f3prio Faust\u00e3o, sobre o programa. &#8220;Ele quis mudar tudo, acabou com a m\u00fasica porque n\u00e3o dava audi\u00eancia. A\u00ed eu sa\u00ed e fui fazer outra coisa&#8221;, afirmou, lembrando que com o fim da trilha ao vivo, restrita aos jingles de merchandising, o trabalho j\u00e1 n\u00e3o era o mesmo.<\/p>\n<p>Leia Tamb\u00e9m: <a href=\"https:\/\/www.noticiasaominuto.com.br\/fama\/2182868\/morre-o-musico-caculinha-aos-86-anos\" target=\"_blank\" rel=\"noopener\">Rubens Ant\u00f4nio da Silva, o Ca\u00e7ulinha, morre aos 86 anos, em S\u00e3o Paulo<\/a><\/p>\n<p>Leia Tamb\u00e9m: <a href=\"https:\/\/www.noticiasaominuto.com.br\/celebridades\/2183155\/5-por-que-caculinha-foi-enterrado-de-oculos\" target=\"_blank\" rel=\"noopener\">Por que Ca\u00e7ulinha foi enterrado de \u00f3culos?<\/a><\/p>\n<p>Fonte: noticiasaominuto.com.br<\/p>\n","protected":false},"excerpt":{"rendered":"<p>S\u00c3O PAULO, SP (FOLHAPRESS) &#8211; Fausto Silva, o Faust\u00e3o, lamentou a morte de Rubens Ant\u00f4nio<\/p>\n","protected":false},"author":0,"featured_media":21327,"comment_status":"open","ping_status":"open","sticky":false,"template":"","format":"standard","meta":{"footnotes":""},"categories":[6],"tags":[],"aioseo_notices":[],"_links":{"self":[{"href":"https:\/\/portalnewsgta.com.br\/index.php\/wp-json\/wp\/v2\/posts\/21326"}],"collection":[{"href":"https:\/\/portalnewsgta.com.br\/index.php\/wp-json\/wp\/v2\/posts"}],"about":[{"href":"https:\/\/portalnewsgta.com.br\/index.php\/wp-json\/wp\/v2\/types\/post"}],"replies":[{"embeddable":true,"href":"https:\/\/portalnewsgta.com.br\/index.php\/wp-json\/wp\/v2\/comments?post=21326"}],"version-history":[{"count":0,"href":"https:\/\/portalnewsgta.com.br\/index.php\/wp-json\/wp\/v2\/posts\/21326\/revisions"}],"wp:featuredmedia":[{"embeddable":true,"href":"https:\/\/portalnewsgta.com.br\/index.php\/wp-json\/wp\/v2\/media\/21327"}],"wp:attachment":[{"href":"https:\/\/portalnewsgta.com.br\/index.php\/wp-json\/wp\/v2\/media?parent=21326"}],"wp:term":[{"taxonomy":"category","embeddable":true,"href":"https:\/\/portalnewsgta.com.br\/index.php\/wp-json\/wp\/v2\/categories?post=21326"},{"taxonomy":"post_tag","embeddable":true,"href":"https:\/\/portalnewsgta.com.br\/index.php\/wp-json\/wp\/v2\/tags?post=21326"}],"curies":[{"name":"wp","href":"https:\/\/api.w.org\/{rel}","templated":true}]}}