{"id":21316,"date":"2024-08-05T22:43:29","date_gmt":"2024-08-06T01:43:29","guid":{"rendered":"https:\/\/portalnewsgta.com.br\/index.php\/2024\/08\/05\/david-lynch-com-enfisema-diz-que-nao-pode-mais-dirigir-filmes-presencialmente\/"},"modified":"2024-08-05T22:43:29","modified_gmt":"2024-08-06T01:43:29","slug":"david-lynch-com-enfisema-diz-que-nao-pode-mais-dirigir-filmes-presencialmente","status":"publish","type":"post","link":"https:\/\/portalnewsgta.com.br\/index.php\/2024\/08\/05\/david-lynch-com-enfisema-diz-que-nao-pode-mais-dirigir-filmes-presencialmente\/","title":{"rendered":"David Lynch, com enfisema, diz que n\u00e3o pode mais dirigir filmes presencialmente"},"content":{"rendered":"<p>S\u00c3O PAULO, SP (FOLHAPRESS) &#8211; David Lynch afirmou que tem enfisema e, por causa da doen\u00e7a, n\u00e3o vai mais poder dirigir filmes presencialmente, no lugar das filmagens. Ele deu a declara\u00e7\u00e3o em entrevista \u00e0 revista brit\u00e2nica Sight and Sound, da qual estampa a capa da edi\u00e7\u00e3o de setembro.<\/p>\n<div class=\"dummyPub\">\u00a0<\/div>\n<p>O cineasta de 78 anos disse que sua condi\u00e7\u00e3o de sa\u00fade, uma doen\u00e7a que atinge o pulm\u00e3o, foi causada pelo cigarro. Ele adquiriu enfisema ap\u00f3s &#8220;fumar por tanto tempo&#8221;. &#8220;Por isso, estou preso em casa, goste ou n\u00e3o. N\u00e3o posso sair. E s\u00f3 consigo caminhar uma curta dist\u00e2ncia antes de ficar sem oxig\u00eanio.&#8221;<\/p>\n<p>&#8220;Fumar era algo que eu adorava, mas no final me incomodou&#8221;, ele afirmou. &#8220;Fazia parte da vida art\u00edstica para mim -o tabaco e o cheiro dele, e acender coisas e fumar e voltar e sentar e fumar e olhar para o seu trabalho, ou pensar sobre as coisas. Nada neste mundo \u00e9 t\u00e3o bonito. Ao mesmo tempo, est\u00e1 me matando. Ent\u00e3o tive que parar.&#8221;<\/p>\n<p>Lynch disse \u00e0 revista que o medo de pegar Covid-19 \u00e9 uma das raz\u00f5es pelas quais ele n\u00e3o deve sair de casa. &#8220;Seria muito ruim para mim ficar doente, mesmo que seja uma gripe&#8221;, disse.<\/p>\n<p>Conhecido por filmes como &#8220;Eraserhead&#8221;, de 1997, e &#8220;Cidade dos Sonhos&#8221;, de 2001, al\u00e9m da s\u00e9rie &#8220;Twin Peaks&#8221; e os filmes que derivam deste universo, Lynch afirmou que \u00e9 improv\u00e1vel que ele volte a dirigir um longa-metragem. Mas, se o fizer, n\u00e3o ser\u00e1 de maneira presencial.<\/p>\n<p>&#8220;Tentaria fazer isso de maneira remota, se for o caso&#8221;, ele afirmou. &#8220;Mas acho que eu n\u00e3o gostaria tanto assim de fazer isso.&#8221;<\/p>\n<p>Fonte: noticiasaominuto.com.br<\/p>\n","protected":false},"excerpt":{"rendered":"<p>S\u00c3O PAULO, SP (FOLHAPRESS) &#8211; David Lynch afirmou que tem enfisema e, por causa da<\/p>\n","protected":false},"author":0,"featured_media":21317,"comment_status":"open","ping_status":"open","sticky":false,"template":"","format":"standard","meta":{"footnotes":""},"categories":[6],"tags":[],"aioseo_notices":[],"_links":{"self":[{"href":"https:\/\/portalnewsgta.com.br\/index.php\/wp-json\/wp\/v2\/posts\/21316"}],"collection":[{"href":"https:\/\/portalnewsgta.com.br\/index.php\/wp-json\/wp\/v2\/posts"}],"about":[{"href":"https:\/\/portalnewsgta.com.br\/index.php\/wp-json\/wp\/v2\/types\/post"}],"replies":[{"embeddable":true,"href":"https:\/\/portalnewsgta.com.br\/index.php\/wp-json\/wp\/v2\/comments?post=21316"}],"version-history":[{"count":0,"href":"https:\/\/portalnewsgta.com.br\/index.php\/wp-json\/wp\/v2\/posts\/21316\/revisions"}],"wp:featuredmedia":[{"embeddable":true,"href":"https:\/\/portalnewsgta.com.br\/index.php\/wp-json\/wp\/v2\/media\/21317"}],"wp:attachment":[{"href":"https:\/\/portalnewsgta.com.br\/index.php\/wp-json\/wp\/v2\/media?parent=21316"}],"wp:term":[{"taxonomy":"category","embeddable":true,"href":"https:\/\/portalnewsgta.com.br\/index.php\/wp-json\/wp\/v2\/categories?post=21316"},{"taxonomy":"post_tag","embeddable":true,"href":"https:\/\/portalnewsgta.com.br\/index.php\/wp-json\/wp\/v2\/tags?post=21316"}],"curies":[{"name":"wp","href":"https:\/\/api.w.org\/{rel}","templated":true}]}}