{"id":21310,"date":"2024-08-05T21:00:48","date_gmt":"2024-08-06T00:00:48","guid":{"rendered":"https:\/\/portalnewsgta.com.br\/index.php\/2024\/08\/05\/corpo-de-bombeiros-extingue-dois-incendios-em-nova-mutum-e-combate-outros-21-em-mt-nesta-segunda-feira-05\/"},"modified":"2024-08-05T21:00:48","modified_gmt":"2024-08-06T00:00:48","slug":"corpo-de-bombeiros-extingue-dois-incendios-em-nova-mutum-e-combate-outros-21-em-mt-nesta-segunda-feira-05","status":"publish","type":"post","link":"https:\/\/portalnewsgta.com.br\/index.php\/2024\/08\/05\/corpo-de-bombeiros-extingue-dois-incendios-em-nova-mutum-e-combate-outros-21-em-mt-nesta-segunda-feira-05\/","title":{"rendered":"Corpo de Bombeiros extingue dois inc\u00eandios em Nova Mutum e combate outros 21 em MT nesta segunda-feira (05)"},"content":{"rendered":"<div>\n<div id=\"infocoweb\" data-uuid=\"f80824af-573b-4552-8115-c27606965405\" class=\"infocoweb infocoweb_canal_61\">\n<div id=\"infocoweb_cabecalho\" class=\"infocoweb_cabecalho\"><\/div>\n<div id=\"infocoweb_corpo\" class=\"infocoweb_corpo\"><span class=\"ifn_post_add_feature_image_to_the_top\"><\/span><\/p>\n<p style=\"text-align: justify\">O Corpo de Bombeiros Militar de Mato Grosso extinguiu dois inc\u00eandios florestais em Nova Mutum. Outros 21 inc\u00eandios s\u00e3o combatidos no Estado nesta segunda-feira (05.08), com apoio de dois avi\u00f5es, um helic\u00f3ptero, 48 viaturas entre caminh\u00f5es-pipa e caminhonetes, nove m\u00e1quinas e tr\u00eas embarca\u00e7\u00f5es.<\/p>\n<p style=\"text-align: justify\">Um dos inc\u00eandios em Nova Mutum foi extinto no domingo (04.08), em uma regi\u00e3o de ch\u00e1caras, enquanto o outro foi extinto nesta segunda-feira, pr\u00f3ximo ao per\u00edmetro urbano.<\/p>\n<p style=\"text-align: justify\">Na Reserva Particular do Patrim\u00f4nio Natural Sesc Pantanal, em Pocon\u00e9, 14 bombeiros com apoio de dois avi\u00f5es combatem um inc\u00eandio florestal. As equipes contam com apoio de brigadistas do Sesc e do Instituto Chico Mendes de Conserva\u00e7\u00e3o da Biodiversidade (ICMBio).<\/p>\n<p style=\"text-align: justify\">Outros 36 bombeiros combatem inc\u00eandios florestais em Porto do Triunfo e na Fazenda Cambarazinho, em Pocon\u00e9; e em Porto Concei\u00e7\u00e3o na divisa com a Bol\u00edvia, em C\u00e1ceres. Essas equipes contam com dez viaturas, nove m\u00e1quinas, quatro caminh\u00f5es auto tanque e tr\u00eas embarca\u00e7\u00f5es. <\/p>\n<p style=\"text-align: justify\">Auxiliam nas a\u00e7\u00f5es oito funcion\u00e1rios da Secretaria de Estado de Infraestrutura e Log\u00edstica (Sinfra), cinco membros da Defesa Civil do Estado, um integrante do Centro Integrado de Opera\u00e7\u00f5es de Seguran\u00e7a P\u00fablica (Ciosp), brigadistas do ICMBio e Ibama, militares do Ex\u00e9rcito Brasileiro, For\u00e7a A\u00e9rea Brasileira e Marinha do Brasil.<\/p>\n<p style=\"text-align: justify\">Dentro do Parque Nacional do Pantanal Mato-grossense (Parna Pantanal), brigadistas do ICMBio e do Ibama combatem um inc\u00eandio pr\u00f3ximo \u00e0 divisa da Reserva Particular do Patrim\u00f4nio Natural Est\u00e2ncia Doroch\u00ea.<\/p>\n<p style=\"text-align: justify\">Em Cuiab\u00e1, s\u00e3o 17 bombeiros no combate aos inc\u00eandios na regi\u00e3o da MT-251, conhecida popularmente como Estrada de Chapada. As equipes est\u00e3o distribu\u00eddas em ch\u00e1caras na regi\u00e3o do Coxip\u00f3 do Ouro e contam com apoio de cinco viaturas.<\/p>\n<p style=\"text-align: justify\">Na Serra Ricardo Franco, em Vila Bela da Sant\u00edssima Trindade, 13 bombeiros fazem o combate direto onde h\u00e1 acesso. As a\u00e7\u00f5es contam com apoio de um caminh\u00e3o-pipa e cinco caminhonetes.<\/p>\n<p style=\"text-align: justify\">Quarenta e dois bombeiros combatem inc\u00eandios na Terra Ind\u00edgena Umutina, em Barra do Bugres; Serra do Patrim\u00f4nio, em Pontes e Lacerda; na Fazenda La Serena, em Paranatinga; na APA Chapada dos Guimar\u00e3es, em Chapada; no Assentamento 12 de Outubro, em Cl\u00e1udia; na Fazenda Casa Branca, em Parana\u00edta; na Fazenda Morro Alto, em Marcel\u00e2ndia; Fazenda Araras, em Canarana; na APA Nascente do Rio Paraguai, em Diamantino; no Morro da Mesa, em Poxor\u00e9u; na Estrada para a Cachoeira da Fuma\u00e7a, em Jaciara; no Sitio Salvador, em Aripuan\u00e3; na Fazenda Luz do Luar, em Ju\u00edna; e na Fazenda Renascer, em Alto Paraguai.<\/p>\n<p style=\"text-align: justify\"><strong>Monitoramento de inc\u00eandios<\/strong><\/p>\n<p style=\"text-align: justify\">O Batalh\u00e3o de Emerg\u00eancias Ambientais (BEA) monitora com sat\u00e9lites inc\u00eandios florestais na Fazenda Bauru, em Colniza; na Fazenda Floresta VII, em Apiac\u00e1s; na Fazenda Guanabara e Vale Verde, em Marcel\u00e2ndia; na Fazenda Coroados do Norte II, em Parana\u00edta; na Fazenda \u00c1gua Bonita, em General Carneiro; na Fazenda Santana, em Luciara; na Fazenda Surpresa, em Paranatinga; na Apa Nascente do Rio Araguaia, em Alto Taquari; na Fazenda Zamboni, em Nova Maring\u00e1; nas Fazendas M\u00e3e Augusta I e Sinopema, em Tabapor\u00e3; na Fazenda Bandeirante V, em S\u00e3o F\u00e9lix do Araguaia; na Fazenda Ara\u00fana, em Novo Mundo; na Fazenda Mandala, em Juara, e na Fazenda Bang-Bang, em Nova Monte Verde; na MT-423, em Uni\u00e3o do Sul; na Fazenda Le\u00e3o, em S\u00e3o F\u00e9lix do Araguaia; na Fazenda Floresta, em Santa Cruz do Xingu; na Fazenda Estrela da Serra e Chapada da Serra, em Barra do Gar\u00e7as; no Projeto de Assentamento brasil Novo, em Quer\u00eancia; no Projeto de Assentamento Santa L\u00facia, em Ribeir\u00e3o Cascalheira; Parque Estadual Cristalino II, em Novo Mundo; nas Fazendas Sol Vermelho e S\u00e3o Marcos, em Vila Rica; na Fazenda Alto Retiro, em Santa Terezinha; e na Fazenda Flor da Serra, em Luciara.<\/p>\n<p style=\"text-align: justify\">Tamb\u00e9m s\u00e3o monitorados inc\u00eandios florestais nas Terras Ind\u00edgenas Sangradouro\/Volta Grande e Merure e na Reserva Ind\u00edgena S\u00e3o Marcos, localizadas na regi\u00e3o de Primavera do Leste. Por serem \u00e1reas ind\u00edgenas, o combate deve ser feito por \u00f3rg\u00e3os do Governo Federal, j\u00e1 que o Estado n\u00e3o possui autoriza\u00e7\u00e3o para atuar. At\u00e9 o momento, o Corpo de Bombeiros n\u00e3o foi acionado.<\/p>\n<p style=\"text-align: justify\">Todos os inc\u00eandios combatidos pelos militares tamb\u00e9m s\u00e3o monitorados pelo BEA para orientar as equipes em campo.<\/p>\n<p style=\"text-align: justify\">A estiagem severa e a baixa umidade do ar t\u00eam contribu\u00eddo para a propaga\u00e7\u00e3o das chamas e o Corpo de Bombeiros pede que a popula\u00e7\u00e3o colabore e respeite o per\u00edodo proibitivo. A qualquer ind\u00edcio de inc\u00eandio, os bombeiros orientam que a den\u00fancia seja feita pelos n\u00fameros 193 ou 190.<\/p>\n<p style=\"text-align: justify\"><strong>Inc\u00eandios extintos<\/strong><\/p>\n<p style=\"text-align: justify\">Desde o in\u00edcio do per\u00edodo proibitivo, 35 inc\u00eandios florestais foram extintos em Mato Grosso em Cuiab\u00e1, Chapada dos Guimar\u00e3es, Sorriso, Vila Rica, Porto Alegre do Norte, Pocon\u00e9, Vila Bela da Sant\u00edssima Trindade, Nova Lacerda, Bar\u00e3o de Melga\u00e7o, Planalto da Serra, Nova Brasil\u00e2ndia, Ros\u00e1rio Oeste, Canarana, Peixoto de Azevedo, Marcel\u00e2ndia, Canabrava do Norte, Itanhangu\u00e1, Primavera do Leste, Parana\u00edta, Nova Mutum, Sinop, S\u00e3o Jos\u00e9 do Rio Claro, Alto Araguaia, Novo Santo Ant\u00f4nio e Canarana.<\/p>\n<p style=\"text-align: justify\"><strong>Focos de calor<\/strong><\/p>\n<p style=\"text-align: justify\">Em Mato Grosso, foram registrados 492 focos de calor nas \u00faltimas 24 horas, conforme \u00faltima checagem, \u00e0s 17h45, no Programa BDQueimadas do Instituto Nacional de Pesquisas Espaciais (Inpe). Desses, 286 se concentram na Amaz\u00f4nia, 130 no Cerrado e 76 no Pantanal. Os dados s\u00e3o do Sat\u00e9lite de Refer\u00eancia (Aqua Tarde).<\/p>\n<p style=\"text-align: justify\">Importante ressaltar que o foco de calor isolado n\u00e3o representa um inc\u00eandio florestal. Entretanto, um inc\u00eandio florestal conta com o ac\u00famulo de focos de calor.<\/p>\n<p id=\"infocoweb_fonte\" class=\"infocoweb_fonte\">Fonte: Governo MT \u2013 MT<\/p>\n<style>#infocoweb_cabecalho {\n        display: inline-block;\n        margin-top: -75px;\n        position: absolute;\n        right: 0;\n    }\n<\/style>\n<style><\/style>\n<\/div>\n<div id=\"infocoweb_rodape\" class=\"infocoweb_rodape\"><\/div>\n<\/div>\n<p>O post Corpo de Bombeiros extingue dois inc\u00eandios em Nova Mutum e combate outros 21 em MT nesta segunda-feira (05) apareceu primeiro em Portal MT.<\/p>\n<\/div>\n","protected":false},"excerpt":{"rendered":"<p>O Corpo de Bombeiros Militar de Mato Grosso extinguiu dois inc\u00eandios florestais em Nova Mutum.<\/p>\n","protected":false},"author":2,"featured_media":21311,"comment_status":"registered_only","ping_status":"closed","sticky":false,"template":"","format":"standard","meta":{"footnotes":""},"categories":[7],"tags":[],"aioseo_notices":[],"_links":{"self":[{"href":"https:\/\/portalnewsgta.com.br\/index.php\/wp-json\/wp\/v2\/posts\/21310"}],"collection":[{"href":"https:\/\/portalnewsgta.com.br\/index.php\/wp-json\/wp\/v2\/posts"}],"about":[{"href":"https:\/\/portalnewsgta.com.br\/index.php\/wp-json\/wp\/v2\/types\/post"}],"author":[{"embeddable":true,"href":"https:\/\/portalnewsgta.com.br\/index.php\/wp-json\/wp\/v2\/users\/2"}],"replies":[{"embeddable":true,"href":"https:\/\/portalnewsgta.com.br\/index.php\/wp-json\/wp\/v2\/comments?post=21310"}],"version-history":[{"count":0,"href":"https:\/\/portalnewsgta.com.br\/index.php\/wp-json\/wp\/v2\/posts\/21310\/revisions"}],"wp:featuredmedia":[{"embeddable":true,"href":"https:\/\/portalnewsgta.com.br\/index.php\/wp-json\/wp\/v2\/media\/21311"}],"wp:attachment":[{"href":"https:\/\/portalnewsgta.com.br\/index.php\/wp-json\/wp\/v2\/media?parent=21310"}],"wp:term":[{"taxonomy":"category","embeddable":true,"href":"https:\/\/portalnewsgta.com.br\/index.php\/wp-json\/wp\/v2\/categories?post=21310"},{"taxonomy":"post_tag","embeddable":true,"href":"https:\/\/portalnewsgta.com.br\/index.php\/wp-json\/wp\/v2\/tags?post=21310"}],"curies":[{"name":"wp","href":"https:\/\/api.w.org\/{rel}","templated":true}]}}