{"id":21308,"date":"2024-08-05T21:00:45","date_gmt":"2024-08-06T00:00:45","guid":{"rendered":"https:\/\/portalnewsgta.com.br\/index.php\/2024\/08\/05\/sedec-leva-cultura-cuiabana-pantaneira-indigena-e-quilombola-a-evento-nacional-do-turismo\/"},"modified":"2024-08-05T21:00:45","modified_gmt":"2024-08-06T00:00:45","slug":"sedec-leva-cultura-cuiabana-pantaneira-indigena-e-quilombola-a-evento-nacional-do-turismo","status":"publish","type":"post","link":"https:\/\/portalnewsgta.com.br\/index.php\/2024\/08\/05\/sedec-leva-cultura-cuiabana-pantaneira-indigena-e-quilombola-a-evento-nacional-do-turismo\/","title":{"rendered":"Sedec leva cultura cuiabana, pantaneira, ind\u00edgena e quilombola a evento nacional do turismo"},"content":{"rendered":"<div>\n<div id=\"infocoweb\" data-uuid=\"b2a48fd8-77b3-4b7d-b946-7d95ac9db19e\" class=\"infocoweb infocoweb_canal_61\">\n<div id=\"infocoweb_cabecalho\" class=\"infocoweb_cabecalho\"><\/div>\n<div id=\"infocoweb_corpo\" class=\"infocoweb_corpo\"><span class=\"ifn_post_add_feature_image_to_the_top\"><\/span><\/p>\n<p dir=\"ltr\" style=\"text-align: justify\">Mato Grosso levar\u00e1 ancestralidade, cultura, etnoturismo, turismo de aventura e pesca esportiva ao 8\u00ba Sal\u00e3o Nacional do Turismo, que ocorre dos dias 8 a 11 de agosto, no Rio de Janeiro, promovido pelo Minist\u00e9rio do Turismo.<\/p>\n<p dir=\"ltr\" style=\"text-align: justify\">A Secretaria de Desenvolvimento Econ\u00f4mico do Estado de Mato Grosso (Sedec), via sua Adjunta de Turismo, ter\u00e1 um estande na macrorregi\u00e3o do Centro-Oeste, com um cen\u00e1rio ilustrativo do Pantanal. Os elementos cenogr\u00e1ficos ser\u00e3o compostos com itens pantaneiros. No palco, haver\u00e1 \u00f3culos de realidade virtual simulando um passeio de quadriciclo.  <\/p>\n<p dir=\"ltr\" style=\"text-align: justify\">A recep\u00e7\u00e3o do estande ficar\u00e1 por conta da comadre Pitu. Al\u00e9m disso, o mestre Alcides Ribeiro far\u00e1 performance de esculpir a viola de cocho. Nos dias 8 e 9, o chef Marcelo Cotrim ensinar\u00e1 a culin\u00e1ria mato-grossense aos visitantes.<\/p>\n<p dir=\"ltr\" style=\"text-align: justify\">Em parceria com o Servi\u00e7o de Apoio \u00e0s Micro e Pequenas Empresas de Mato Grosso (Sebrae\/MT), a Sedec participar\u00e1 de diversos espa\u00e7os distribu\u00eddos pela feira. No Espa\u00e7o Experi\u00eancia, trabalhar\u00e1 a\u00e7\u00f5es da pesca esportiva, turismo de aventura, etnoturismo, neg\u00f3cios e eventos.  <\/p>\n<p dir=\"ltr\" style=\"text-align: justify\">No Espa\u00e7o Brasil em Festa, ser\u00e3o retratados os festejos de S\u00e3o Benedito, da Cavalhada, dos Mascarados e da Dan\u00e7a do Congo. J\u00e1 na ala Povos Origin\u00e1rios, ind\u00edgenas da etnia Parecis representar\u00e3o Mato Grosso. O Espa\u00e7o Afroturismo contar\u00e1 com membros do Quilombo Mata Cavalo, que far\u00e3o rodas de conversas e oficinas de bijuterias afro. O espa\u00e7o Caf\u00e9s do Brasil contar\u00e1 com o caf\u00e9 premiado Massep\u00f4, produzido na terra ind\u00edgena Umutina. <\/p>\n<p dir=\"ltr\" style=\"text-align: justify\">Com apoio do Servi\u00e7o Social do Com\u00e9rcio (Sesc) de Mato Grosso, o grupo Flor Ribeirinha se apresenta no palco principal, nos dias 9 e 10.<\/p>\n<p dir=\"ltr\" style=\"text-align: justify\">O secret\u00e1rio de Desenvolvimento Econ\u00f4mico, C\u00e9sar Miranda, aponta que essa \u00e9 uma das maiores participa\u00e7\u00f5es da Sedec em uma edi\u00e7\u00e3o do Sal\u00e3o Nacional. <\/p>\n<p dir=\"ltr\" style=\"text-align: justify\">\u201cEssa \u00e9 uma de nossas maiores participa\u00e7\u00f5es, \u00e9 o momento. Com a internacionaliza\u00e7\u00e3o do aeroporto prestes a sair, devemos levar para o Brasil e para o mundo o que temos a oferecer. Teremos uma comitiva de mais de 56 pessoas, tudo isso gra\u00e7as as nossas parcerias com o Sebrae e o Sesc e, claro, o apoio da Secretaria\u201d, explica C\u00e9sar Miranda. <\/p>\n<p dir=\"ltr\" style=\"text-align: justify\"><strong>Sal\u00e3o Nacional de Turismo <\/strong><\/p>\n<p dir=\"ltr\" style=\"text-align: justify\">Com o tema \u201cExperi\u00eancias do Brasil: o turismo respons\u00e1vel e inclusivo impulsionando o desenvolvimento sustent\u00e1vel\u201d, o Sal\u00e3o Nacional do Turismo pretende estruturar, qualificar e tornar os servi\u00e7os tur\u00edsticos brasileiros acess\u00edveis ao mercado, bem como apoiar e fomentar pol\u00edticas p\u00fablicas do setor.<\/p>\n<p dir=\"ltr\" style=\"text-align: justify\">A entrada para o evento \u00e9 gratuita e o ingresso pode ser retirado aqui.<\/p>\n<p id=\"infocoweb_fonte\" class=\"infocoweb_fonte\">Fonte: Governo MT \u2013 MT<\/p>\n<style>#infocoweb_cabecalho {\n        display: inline-block;\n        margin-top: -75px;\n        position: absolute;\n        right: 0;\n    }\n<\/style>\n<style><\/style>\n<\/div>\n<div id=\"infocoweb_rodape\" class=\"infocoweb_rodape\"><\/div>\n<\/div>\n<p>O post Sedec leva cultura cuiabana, pantaneira, ind\u00edgena e quilombola a evento nacional do turismo apareceu primeiro em Portal MT.<\/p>\n<\/div>\n","protected":false},"excerpt":{"rendered":"<p>Mato Grosso levar\u00e1 ancestralidade, cultura, etnoturismo, turismo de aventura e pesca esportiva ao 8\u00ba Sal\u00e3o<\/p>\n","protected":false},"author":2,"featured_media":21309,"comment_status":"registered_only","ping_status":"closed","sticky":false,"template":"","format":"standard","meta":{"footnotes":""},"categories":[7],"tags":[],"aioseo_notices":[],"_links":{"self":[{"href":"https:\/\/portalnewsgta.com.br\/index.php\/wp-json\/wp\/v2\/posts\/21308"}],"collection":[{"href":"https:\/\/portalnewsgta.com.br\/index.php\/wp-json\/wp\/v2\/posts"}],"about":[{"href":"https:\/\/portalnewsgta.com.br\/index.php\/wp-json\/wp\/v2\/types\/post"}],"author":[{"embeddable":true,"href":"https:\/\/portalnewsgta.com.br\/index.php\/wp-json\/wp\/v2\/users\/2"}],"replies":[{"embeddable":true,"href":"https:\/\/portalnewsgta.com.br\/index.php\/wp-json\/wp\/v2\/comments?post=21308"}],"version-history":[{"count":0,"href":"https:\/\/portalnewsgta.com.br\/index.php\/wp-json\/wp\/v2\/posts\/21308\/revisions"}],"wp:featuredmedia":[{"embeddable":true,"href":"https:\/\/portalnewsgta.com.br\/index.php\/wp-json\/wp\/v2\/media\/21309"}],"wp:attachment":[{"href":"https:\/\/portalnewsgta.com.br\/index.php\/wp-json\/wp\/v2\/media?parent=21308"}],"wp:term":[{"taxonomy":"category","embeddable":true,"href":"https:\/\/portalnewsgta.com.br\/index.php\/wp-json\/wp\/v2\/categories?post=21308"},{"taxonomy":"post_tag","embeddable":true,"href":"https:\/\/portalnewsgta.com.br\/index.php\/wp-json\/wp\/v2\/tags?post=21308"}],"curies":[{"name":"wp","href":"https:\/\/api.w.org\/{rel}","templated":true}]}}