{"id":21300,"date":"2024-08-05T20:01:27","date_gmt":"2024-08-05T23:01:27","guid":{"rendered":"https:\/\/portalnewsgta.com.br\/index.php\/2024\/08\/05\/quatro-atletas-de-mt-continuam-buscas-por-medalhas-nas-olimpiadas-de-paris\/"},"modified":"2024-08-05T20:01:27","modified_gmt":"2024-08-05T23:01:27","slug":"quatro-atletas-de-mt-continuam-buscas-por-medalhas-nas-olimpiadas-de-paris","status":"publish","type":"post","link":"https:\/\/portalnewsgta.com.br\/index.php\/2024\/08\/05\/quatro-atletas-de-mt-continuam-buscas-por-medalhas-nas-olimpiadas-de-paris\/","title":{"rendered":"Quatro atletas de MT continuam buscas por medalhas nas Ol\u00edmpiadas de Paris"},"content":{"rendered":"<div>\n<div id=\"infocoweb\" data-uuid=\"018d5723-21dc-47c9-8add-b45630a64830\" class=\"infocoweb infocoweb_canal_61\">\n<div id=\"infocoweb_cabecalho\" class=\"infocoweb_cabecalho\"><\/div>\n<div id=\"infocoweb_corpo\" class=\"infocoweb_corpo\"><span class=\"ifn_post_add_feature_image_to_the_top\"><\/span><\/p>\n<div class=\"test-logger\">      39     <\/div>\n<p style=\"text-align: justify\">Na \u00faltima semana dos jogos das Ol\u00edmpiadas de Paris, quatro atletas mato-grossenses ainda t\u00eam oportunidade de ganhar medalhas de ouro para o Brasil.<\/p>\n<p style=\"text-align: justify\">Uma das atletas estreantes \u00e9 a jovem Lissandra Campos, de 22 anos, no salto em dist\u00e2ncia, nesta ter\u00e7a-feira (06.08), \u00e0s 4h15 (hor\u00e1rio de MT). A saltadora \u00e9 benefici\u00e1ria do programa de bolsas Olimpus MT.<\/p>\n<p style=\"text-align: justify\">Do munic\u00edpio de Nossa Senhora do Livramento (a 38 km de Cuiab\u00e1), a atleta diz estar ansiosa e com altas expectativas para sua primeira participa\u00e7\u00e3o nas Olimp\u00edadas.<\/p>\n<p style=\"text-align: justify\">\u201cEu estou muito feliz de estar aqui, de representar o meu estado e uma na\u00e7\u00e3o. Espero dar o meu melhor amanh\u00e3 e conto com a torcida de todos. Que todos que estiverem acompanhando saibam que eu vou estar ali dando o meu m\u00e1ximo\u201d, afirma Lissandra.<\/p>\n<p style=\"text-align: justify\">Outra atleta que entra em campo, nesta ter\u00e7a-feira, \u00e9 a meio-campista da sele\u00e7\u00e3o brasileira de futebol feminino, Ana Vit\u00f3ria, natural de Rondon\u00f3polis (215 km de Cuiab\u00e1). O in\u00edcio de sua carreira se deu pelo Mixto. Atualmente, ela representa o Atl\u00e9tico de Madrid (Espanha).<\/p>\n<p style=\"text-align: justify\">Ap\u00f3s derrotar a Fran\u00e7a nas quartas de final da competi\u00e7\u00e3o, Ana Vit\u00f3ria e as demais meninas da Sele\u00e7\u00e3o do Brasil enfrentam a Espanha, atual campe\u00e3 do mundo, \u00e0s 15h (MT).<\/p>\n<p style=\"text-align: justify\">Natural de Matup\u00e1 (a 693 km de Cuiab\u00e1) e crescido em Peixoto e Azevedo, Almir Jr. participar\u00e1 da competi\u00e7\u00e3o do salto triplo na tarde desta quarta-feira (07.08), \u00e0s 13h15 (MT).<\/p>\n<p style=\"text-align: justify\">Com um hist\u00f3rico positivo, o esportista foi duas vezes finalista de campeonatos mundiais, medalhista de prata no Campeonato Mundial Indoor de 2022 e nos Jogos Pan-Americanos de 2023. <\/p>\n<p style=\"text-align: justify\"><source><img decoding=\"async\" alt=\"\" height=\"267\" src=\"https:\/\/www.secom.mt.gov.br\/documents\/d\/sec\/879c042c-aef6-4cac-a412-748216f5ee3d-jpg?imageThumbnail=3\">      <\/source>  <\/p>\n<p style=\"text-align: justify\">Caroline Santos, natural do munic\u00edpio de \u00c1gua Boa (a 626 km de Cuiab\u00e1), \u00e9 outro destaque mato-grossense na competi\u00e7\u00e3o. Conhecida como \u201cJuma\u201d, a atleta estreia na prova do taekwondo na pr\u00f3xima sexta-feira (09.08), \u00e0s 4h36. Ela \u00e9 medalhista de prata (-62 kg) nos Campeonatos Mundiais de 2019 e 2023.<\/p>\n<p style=\"text-align: justify\"><strong>Premia\u00e7\u00e3o para atletas de MT<\/strong><\/p>\n<p style=\"text-align: justify\">Todos t\u00eam a chance de serem contemplados com o Pr\u00eamio Ol\u00edmpico da Secretaria de Estado de Cultura, Esporte e Lazer (Secel-MT), que d\u00e1 pr\u00eamios de R$ 30 mil at\u00e9 R$ 100 mil para atletas de Mato Grosso que se destacam nas Olimp\u00edadas e Paralimp\u00edadas.<\/p>\n<p style=\"text-align: justify\">Est\u00e3o como crit\u00e9rios para a concess\u00e3o do Pr\u00eamio Ol\u00edmpico, a naturalidade do atleta e sua atua\u00e7\u00e3o no Estado de no m\u00ednimo dois anos de vida esportiva. No caso de n\u00e3o se enquadrar nos termos anteriores, o mesmo deve ter representado Mato Grosso anteriormente em no m\u00ednimo quatro anos, ou estar representando no momento da convoca\u00e7\u00e3o ol\u00edmpica.<\/p>\n<p style=\"text-align: justify\">Convocados e medalhistas t\u00eam at\u00e9 o dia 24 de setembro para encaminhar o formul\u00e1rio de requerimento e demais documentos comprobat\u00f3rios \u00e0 Secel.<\/p>\n<p style=\"text-align: justify\"><strong>Confira a portaria e os anexos aqui:<\/strong> https:\/\/www.secel.mt.gov.br\/-\/pr%C3%8Amio-ol%C3%8Dmpico<\/p>\n<p><span style=\"font-size:11pt\"><span style=\"font-family:Calibri,sans-serif\"><\/span><\/span><\/p>\n<p id=\"infocoweb_fonte\" class=\"infocoweb_fonte\">Fonte: Governo MT \u2013 MT<\/p>\n<style>#infocoweb_cabecalho {\n        display: inline-block;\n        margin-top: -75px;\n        position: absolute;\n        right: 0;\n    }\n<\/style>\n<style><\/style>\n<\/div>\n<div id=\"infocoweb_rodape\" class=\"infocoweb_rodape\"><\/div>\n<\/div>\n<p>O post Quatro atletas de MT continuam buscas por medalhas nas Ol\u00edmpiadas de Paris apareceu primeiro em Portal MT.<\/p>\n<\/div>\n","protected":false},"excerpt":{"rendered":"<p>39 Na \u00faltima semana dos jogos das Ol\u00edmpiadas de Paris, quatro atletas mato-grossenses ainda t\u00eam<\/p>\n","protected":false},"author":2,"featured_media":21301,"comment_status":"registered_only","ping_status":"closed","sticky":false,"template":"","format":"standard","meta":{"footnotes":""},"categories":[7],"tags":[],"aioseo_notices":[],"_links":{"self":[{"href":"https:\/\/portalnewsgta.com.br\/index.php\/wp-json\/wp\/v2\/posts\/21300"}],"collection":[{"href":"https:\/\/portalnewsgta.com.br\/index.php\/wp-json\/wp\/v2\/posts"}],"about":[{"href":"https:\/\/portalnewsgta.com.br\/index.php\/wp-json\/wp\/v2\/types\/post"}],"author":[{"embeddable":true,"href":"https:\/\/portalnewsgta.com.br\/index.php\/wp-json\/wp\/v2\/users\/2"}],"replies":[{"embeddable":true,"href":"https:\/\/portalnewsgta.com.br\/index.php\/wp-json\/wp\/v2\/comments?post=21300"}],"version-history":[{"count":0,"href":"https:\/\/portalnewsgta.com.br\/index.php\/wp-json\/wp\/v2\/posts\/21300\/revisions"}],"wp:featuredmedia":[{"embeddable":true,"href":"https:\/\/portalnewsgta.com.br\/index.php\/wp-json\/wp\/v2\/media\/21301"}],"wp:attachment":[{"href":"https:\/\/portalnewsgta.com.br\/index.php\/wp-json\/wp\/v2\/media?parent=21300"}],"wp:term":[{"taxonomy":"category","embeddable":true,"href":"https:\/\/portalnewsgta.com.br\/index.php\/wp-json\/wp\/v2\/categories?post=21300"},{"taxonomy":"post_tag","embeddable":true,"href":"https:\/\/portalnewsgta.com.br\/index.php\/wp-json\/wp\/v2\/tags?post=21300"}],"curies":[{"name":"wp","href":"https:\/\/api.w.org\/{rel}","templated":true}]}}