{"id":21262,"date":"2024-08-05T16:42:36","date_gmt":"2024-08-05T19:42:36","guid":{"rendered":"https:\/\/portalnewsgta.com.br\/index.php\/2024\/08\/05\/por-que-caculinha-foi-enterrado-de-oculos\/"},"modified":"2024-08-05T16:42:36","modified_gmt":"2024-08-05T19:42:36","slug":"por-que-caculinha-foi-enterrado-de-oculos","status":"publish","type":"post","link":"https:\/\/portalnewsgta.com.br\/index.php\/2024\/08\/05\/por-que-caculinha-foi-enterrado-de-oculos\/","title":{"rendered":"Por que Ca\u00e7ulinha foi enterrado de \u00f3culos?"},"content":{"rendered":"<p>S\u00c3O PAULO, SP (UOL\/FOLHAPRESS) &#8211; Ca\u00e7ulinha, que morreu nesta segunda-feira (5) est\u00e1 sendo velado de uma maneira diferente: o m\u00fasico est\u00e1 usando \u00f3culos.<\/p>\n<div class=\"dummyPub\">\u00a0<\/div>\n<p>Ao UOL, Andrea Cavalheiro, sobrinha do artista, explicou que ele adorava o acess\u00f3rio, principalmente o modelo com o qual ser\u00e1 enterrado.<\/p>\n<p>&#8220;Ele tem cole\u00e7\u00e3o de \u00f3culos, e n\u00e3o se via mais sem&#8221;, disse Andrea Cavalheiro, ao UOL.<\/p>\n<p>Ca\u00e7ulinha pediu para usar o acess\u00f3rio at\u00e9 mesmo quando estava no hospital. &#8220;Foi a primeira coisa que ele pediu.&#8221;<\/p>\n<p>O apego aos \u00f3culos levou a fam\u00edlia a decidir pela singela homenagem. &#8220;J\u00e1 que ele gostava tanto, deixa ele ir com seus \u00f3culos, essa caracter\u00edstica dele. Ent\u00e3o, ele ser\u00e1 enterrado com \u00f3culos&#8221;.<\/p>\n<p>Cerim\u00f4nia de despedida come\u00e7ou \u00e0s 11h. O sepultamento est\u00e1 marcado para \u00e0s 16h, no mesmo local.<\/p>\n<p>Wanda Cavalheiro, \u00fanica irm\u00e3 do m\u00fasico, recebeu amigos e familiares. Ao UOL, ela disse que Ca\u00e7ulinha estava com a fam\u00edlia quando teve o infarto.<\/p>\n<p>&#8220;[Ca\u00e7ulinha] ficou conhecido com o que ele sabia fazer. S\u00f3 trouxe alegria para o Brasil, para o mundo. A vida dele era definida por m\u00fasica, m\u00fasica, m\u00fasica, sempre&#8221;, disse Wanda Cavalheiro, irm\u00e3 de Ca\u00e7ulinha.<\/p>\n<p>Leia Tamb\u00e9m: <a href=\"https:\/\/www.noticiasaominuto.com.br\/fama\/2182868\/morre-o-musico-caculinha-aos-86-anos\" target=\"_blank\" rel=\"noopener\">Rubens Ant\u00f4nio da Silva, o Ca\u00e7ulinha, morre aos 86 anos, em S\u00e3o Paulo<\/a><\/p>\n<p>Fonte: noticiasaominuto.com.br<\/p>\n","protected":false},"excerpt":{"rendered":"<p>S\u00c3O PAULO, SP (UOL\/FOLHAPRESS) &#8211; Ca\u00e7ulinha, que morreu nesta segunda-feira (5) est\u00e1 sendo velado de<\/p>\n","protected":false},"author":0,"featured_media":21263,"comment_status":"open","ping_status":"open","sticky":false,"template":"","format":"standard","meta":{"footnotes":""},"categories":[6],"tags":[],"aioseo_notices":[],"_links":{"self":[{"href":"https:\/\/portalnewsgta.com.br\/index.php\/wp-json\/wp\/v2\/posts\/21262"}],"collection":[{"href":"https:\/\/portalnewsgta.com.br\/index.php\/wp-json\/wp\/v2\/posts"}],"about":[{"href":"https:\/\/portalnewsgta.com.br\/index.php\/wp-json\/wp\/v2\/types\/post"}],"replies":[{"embeddable":true,"href":"https:\/\/portalnewsgta.com.br\/index.php\/wp-json\/wp\/v2\/comments?post=21262"}],"version-history":[{"count":0,"href":"https:\/\/portalnewsgta.com.br\/index.php\/wp-json\/wp\/v2\/posts\/21262\/revisions"}],"wp:featuredmedia":[{"embeddable":true,"href":"https:\/\/portalnewsgta.com.br\/index.php\/wp-json\/wp\/v2\/media\/21263"}],"wp:attachment":[{"href":"https:\/\/portalnewsgta.com.br\/index.php\/wp-json\/wp\/v2\/media?parent=21262"}],"wp:term":[{"taxonomy":"category","embeddable":true,"href":"https:\/\/portalnewsgta.com.br\/index.php\/wp-json\/wp\/v2\/categories?post=21262"},{"taxonomy":"post_tag","embeddable":true,"href":"https:\/\/portalnewsgta.com.br\/index.php\/wp-json\/wp\/v2\/tags?post=21262"}],"curies":[{"name":"wp","href":"https:\/\/api.w.org\/{rel}","templated":true}]}}