{"id":21254,"date":"2024-08-05T15:00:20","date_gmt":"2024-08-05T18:00:20","guid":{"rendered":"https:\/\/portalnewsgta.com.br\/index.php\/2024\/08\/05\/suspeito-de-vender-armas-para-faccao-e-preso-pela-pm-revolver-e-50-municoes-sao-apreendidas\/"},"modified":"2024-08-05T15:00:20","modified_gmt":"2024-08-05T18:00:20","slug":"suspeito-de-vender-armas-para-faccao-e-preso-pela-pm-revolver-e-50-municoes-sao-apreendidas","status":"publish","type":"post","link":"https:\/\/portalnewsgta.com.br\/index.php\/2024\/08\/05\/suspeito-de-vender-armas-para-faccao-e-preso-pela-pm-revolver-e-50-municoes-sao-apreendidas\/","title":{"rendered":"Suspeito de vender armas para fac\u00e7\u00e3o \u00e9 preso pela PM; rev\u00f3lver e 50 muni\u00e7\u00f5es s\u00e3o apreendidas"},"content":{"rendered":"<div>\n<div id=\"infocoweb\" data-uuid=\"8dc279bf-6cde-4c6a-a5d8-67a8a5a6cc9b\" class=\"infocoweb infocoweb_canal_146\">\n<div id=\"infocoweb_cabecalho\" class=\"infocoweb_cabecalho\"><\/div>\n<div id=\"infocoweb_corpo\" class=\"infocoweb_corpo\"><span class=\"ifn_post_add_feature_image_to_the_top\"><\/span><\/p>\n<p dir=\"ltr\" style=\"text-align: justify\">Militares da Companhia de Rondas e A\u00e7\u00f5es Intensivas Ostensivas (Raio) da Pol\u00edcia Militar prenderam um homem de 28 anos, na noite deste domingo (04.08), por porte ilegal de um rev\u00f3lver de calibre .38 com 50 muni\u00e7\u00f5es. A arma foi apreendida pela PM. A pris\u00e3o ocorreu em Lucas do Rio Verde. <\/p>\n<p dir=\"ltr\" style=\"text-align: justify\">Conforme o boletim de ocorr\u00eancia, a equipe Raio recebeu den\u00fancia sobre um suspeito que intermediaria a venda de um rev\u00f3lver por meio de aplicativo de mensagens online. <\/p>\n<p dir=\"ltr\" style=\"text-align: justify\">A den\u00fancia tamb\u00e9m colocava o mesmo homem como respons\u00e1vel pela distribui\u00e7\u00e3o de armas para uma fac\u00e7\u00e3o criminosa.<\/p>\n<p dir=\"ltr\" style=\"text-align: justify\">Os militares foram ao endere\u00e7o do suspeito e foram recebidos por um casal, que se identificou como m\u00e3e e padrasto do criminoso. Ao serem informados sobre a den\u00fancia, as testemunhas informaram n\u00e3o saber sobre a atividade il\u00edcita dele e autorizaram os policiais a entrar no quarto dele.<\/p>\n<p dir=\"ltr\" style=\"text-align: justify\">Em buscas pelo c\u00f4modo, os policiais encontraram o rev\u00f3lver de calibre .38, que seria a arma vendida, al\u00e9m de 50 muni\u00e7\u00f5es para o objeto. Questionada sobre a localiza\u00e7\u00e3o do suspeito, a m\u00e3e informou que ele poderia estar em um mercado da regi\u00e3o.<\/p>\n<p dir=\"ltr\" style=\"text-align: justify\">Diante da situa\u00e7\u00e3o, a PM solicitou apoio da Guarda Municipal para dilig\u00eancias. O suspeito foi encontrado no local informado por sua m\u00e3e. Durante a abordagem, ele confessou ser o dono da arma e que estava vendendo para integrantes de uma fac\u00e7\u00e3o. <\/p>\n<p dir=\"ltr\" style=\"text-align: justify\">Com isso, o suspeito recebeu voz de pris\u00e3o em flagrante e foi conduzido para a Delegacia de Lucas do Rio Verde para registro da ocorr\u00eancia.<\/p>\n<p dir=\"ltr\" style=\"text-align: justify\">Disque-den\u00fancia<\/p>\n<p dir=\"ltr\" style=\"text-align: justify\">A sociedade pode contribuir com as a\u00e7\u00f5es da Pol\u00edcia Militar de qualquer cidade do Estado, sem precisar se identificar, por meio do 190, ou disque-den\u00fancia 0800.065.3939.<\/p>\n<p id=\"infocoweb_fonte\" class=\"infocoweb_fonte\">Fonte: PM MT \u2013 MT<\/p>\n<style>#infocoweb_cabecalho {\n        display: inline-block;\n        margin-top: -75px;\n        position: absolute;\n        right: 0;\n    }\n<\/style>\n<style><\/style>\n<\/div>\n<div id=\"infocoweb_rodape\" class=\"infocoweb_rodape\"><\/div>\n<\/div>\n<p>O post Suspeito de vender armas para fac\u00e7\u00e3o \u00e9 preso pela PM; rev\u00f3lver e 50 muni\u00e7\u00f5es s\u00e3o apreendidas apareceu primeiro em Portal MT.<\/p>\n<\/div>\n","protected":false},"excerpt":{"rendered":"<p>Militares da Companhia de Rondas e A\u00e7\u00f5es Intensivas Ostensivas (Raio) da Pol\u00edcia Militar prenderam um<\/p>\n","protected":false},"author":2,"featured_media":21255,"comment_status":"registered_only","ping_status":"closed","sticky":false,"template":"","format":"standard","meta":{"footnotes":""},"categories":[8],"tags":[],"aioseo_notices":[],"_links":{"self":[{"href":"https:\/\/portalnewsgta.com.br\/index.php\/wp-json\/wp\/v2\/posts\/21254"}],"collection":[{"href":"https:\/\/portalnewsgta.com.br\/index.php\/wp-json\/wp\/v2\/posts"}],"about":[{"href":"https:\/\/portalnewsgta.com.br\/index.php\/wp-json\/wp\/v2\/types\/post"}],"author":[{"embeddable":true,"href":"https:\/\/portalnewsgta.com.br\/index.php\/wp-json\/wp\/v2\/users\/2"}],"replies":[{"embeddable":true,"href":"https:\/\/portalnewsgta.com.br\/index.php\/wp-json\/wp\/v2\/comments?post=21254"}],"version-history":[{"count":0,"href":"https:\/\/portalnewsgta.com.br\/index.php\/wp-json\/wp\/v2\/posts\/21254\/revisions"}],"wp:featuredmedia":[{"embeddable":true,"href":"https:\/\/portalnewsgta.com.br\/index.php\/wp-json\/wp\/v2\/media\/21255"}],"wp:attachment":[{"href":"https:\/\/portalnewsgta.com.br\/index.php\/wp-json\/wp\/v2\/media?parent=21254"}],"wp:term":[{"taxonomy":"category","embeddable":true,"href":"https:\/\/portalnewsgta.com.br\/index.php\/wp-json\/wp\/v2\/categories?post=21254"},{"taxonomy":"post_tag","embeddable":true,"href":"https:\/\/portalnewsgta.com.br\/index.php\/wp-json\/wp\/v2\/tags?post=21254"}],"curies":[{"name":"wp","href":"https:\/\/api.w.org\/{rel}","templated":true}]}}