{"id":21248,"date":"2024-08-05T14:43:19","date_gmt":"2024-08-05T17:43:19","guid":{"rendered":"https:\/\/portalnewsgta.com.br\/index.php\/2024\/08\/05\/abel-cria-clima-de-todos-contra-palmeiras-e-esquenta-ambiente-para-decisao\/"},"modified":"2024-08-05T14:43:19","modified_gmt":"2024-08-05T17:43:19","slug":"abel-cria-clima-de-todos-contra-palmeiras-e-esquenta-ambiente-para-decisao","status":"publish","type":"post","link":"https:\/\/portalnewsgta.com.br\/index.php\/2024\/08\/05\/abel-cria-clima-de-todos-contra-palmeiras-e-esquenta-ambiente-para-decisao\/","title":{"rendered":"Abel cria clima de todos contra Palmeiras e esquenta ambiente para decis\u00e3o"},"content":{"rendered":"<p>(UOL\/FOLHAPRESS) &#8211; Abel Ferreira j\u00e1 deu o pontap\u00e9 inicial para a partida entre Palmeiras e Flamengo, na quarta-feira (7), \u00e0s 20h (de Bras\u00edlia), no Allianz Parque, pelo jogo de volta das oitavas de final da Copa do Brasil. Ap\u00f3s o empate contra o Inter no domingo (4), o t\u00e9cnico portugu\u00eas convocou a torcida, criticou a imprensa, e revelou que disse a seus jogadores que nesta temporada o Alviverde estar\u00e1 &#8220;contra tudo e todos&#8221;.<\/p>\n<div class=\"dummyPub\">\u00a0<\/div>\n<p><span class=\"news_bold\">O QUE ELE DISSE<\/span><\/p>\n<p>&#8220;Esse ano vai ser contra tudo e contra todos. Muitas vezes criam-se not\u00edcias, inventam-se, dizem que as lideran\u00e7as isso e aquilo. Isso \u00e9 s\u00f3 para gerar not\u00edcia, \u00e9 falso, ruim, jornalismo raso, baixo. Parece que cheguei aqui h\u00e1 quatro dias. N\u00e3o estou aqui h\u00e1 quatro dias, estou h\u00e1 quatro anos. N\u00e3o preciso que falem bem de mim, preciso que me respeitem como homem, como portugu\u00eas, s\u00f3 preciso que me respeitem. O que fazem os jogadores comigo ou a dire\u00e7\u00e3o, \u00e9 isso que exijo dos outros, respeito. N\u00e3o vou respeitar quem n\u00e3o me respeita. Conhe\u00e7o muito bem quem faz jornalismo s\u00e9rio, e n\u00e3o estou a dizer que sou perfeito e acerto em tudo que fa\u00e7o. Mas olhando o passado recente, tenho acertado mais do que tenho errado. Mas pe\u00e7o desculpas pelos erros que cometi. Aqui parece que todos s\u00e3o perfeitos, e os dirigentes, jogadores e treinadores s\u00e3o os incompetentes. Darei sempre a cara para defender os meus jogadores, como sempre fiz. Muita coisa aconteceu ao mesmo tempo, e mais uma vez: este ano vai ser contra tudo e contra todos. J\u00e1 preparei os jogadores para isso&#8221;<\/p>\n<p><span class=\"news_bold\">O QUE ACONTECEU<\/span><\/p>\n<p>O Palmeiras conseguiu &#8220;estancar&#8221; a crise de resultados e arrancou um empate contra o Internacional. A equipe tinha tr\u00eas derrotas nos \u00faltimos tr\u00eas jogos e o empate, com um gol no final da partida, aliviou a situa\u00e7\u00e3o da equipe antes do jogo decisivo contra o Flamengo.<\/p>\n<p>Abel Ferreira aproveitou o momento de al\u00edvio para criar um ambiento favor\u00e1vel \u00e0 equipe antes da decis\u00e3o e inflamou a torcida. O t\u00e9cnico pediu o apoio condicional dos torcedores do primeiro ao \u00faltimo segundo no jogo contra o Flamengo.<\/p>\n<p>&#8220;Para aqueles que est\u00e3o distra\u00eddos, mau intencionados, oportunistas, para aqueles que t\u00eam inveja do Palmeiras, s\u00e3o nesses per\u00edodos que temos que ver quem est\u00e1 do nosso lado, que s\u00e3o aqueles que querem continuar a pertencer e ajudar esse grupo a continuar a ganhar. A for\u00e7a tem que vir de dentro, todos somos um n\u00e3o \u00e9 s\u00f3 nas vit\u00f3rias. O treinador tem como fun\u00e7\u00e3o escolher os jogadores para jogar, gostem ou n\u00e3o, mas quem tem a informa\u00e7\u00e3o toda sou eu. N\u00e3o \u00e9 jornalista, torcedor ou oportunista. A fun\u00e7\u00e3o do nosso diretor \u00e9 ajudar na gest\u00e3o do grupo, contratar jogadores e vender jogadores. Nossa presidente nem vale a pena falar. Ela \u00e9 absolutamente extraordin\u00e1ria, tem mais coragem que muitos juntos. E a nossa torcida, os 16 milh\u00f5es que temos, que na quarta [contra o Flamengo] nos ajudem do primeiro ao \u00faltimo segundo para buscar a vaga na pr\u00f3xima fase&#8221;, acrescentou.<\/p>\n<p>Abel usou o lema pela primeira vez em abril de 2021. Naquele ano, o Palmeiras optou por poupar seus titulares no Campeonato Paulista para utiliz\u00e1-los na Libertadores e teve dificuldades para confirmar sua classifica\u00e7\u00e3o para a fase seguinte do Estadual. Os muros do Allianz Parque foram pichados pelos resultados ruins e Abel chegou a dizer que naquele ano seria &#8220;contra tudo e contra todos&#8221;.<\/p>\n<p>O Palmeiras terminou a temporada de 2021 com o t\u00edtulo da Copa Libertadores sobre o Flamengo. O lema de Abel virou um mantra palmeirense que ecoava nas arquibancadas.<\/p>\n<p>Contra o mesmo Rubro-negro, o Alviverde precisar\u00e1 reverter um placar de 2 a 0 para avan\u00e7ar \u00e1 pr\u00f3xima fase na Copa do Brasil. Abel disse em sua coletiva que esse \u00e9 o momento da torcida e da equipe sofrerem juntas.<\/p>\n<p>N\u00e3o conhe\u00e7o s\u00f3 equipes que vencem, s\u00f3 t\u00e9cnicos que ganham e s\u00f3 jogadores que jogam bem, nem fam\u00edlias perfeitas. Chegou nosso momento de sofrer juntos.<\/p>\n<p>Leia Tamb\u00e9m: <a href=\"https:\/\/www.noticiasaominuto.com.br\/esporte\/2180814\/palmeiras-vai-pressionado-e-desfalcado-ao-maracana-enfrentar-flamengo-apos-tropecos\" target=\"_blank\" rel=\"noopener\">Palmeiras vai pressionado e desfalcado ao Maracan\u00e3 enfrentar Flamengo ap\u00f3s trope\u00e7os<\/a><\/p>\n<p>Fonte: noticiasaominuto.com.br<\/p>\n","protected":false},"excerpt":{"rendered":"<p>(UOL\/FOLHAPRESS) &#8211; Abel Ferreira j\u00e1 deu o pontap\u00e9 inicial para a partida entre Palmeiras e<\/p>\n","protected":false},"author":0,"featured_media":21249,"comment_status":"open","ping_status":"open","sticky":false,"template":"","format":"standard","meta":{"footnotes":""},"categories":[4],"tags":[],"aioseo_notices":[],"_links":{"self":[{"href":"https:\/\/portalnewsgta.com.br\/index.php\/wp-json\/wp\/v2\/posts\/21248"}],"collection":[{"href":"https:\/\/portalnewsgta.com.br\/index.php\/wp-json\/wp\/v2\/posts"}],"about":[{"href":"https:\/\/portalnewsgta.com.br\/index.php\/wp-json\/wp\/v2\/types\/post"}],"replies":[{"embeddable":true,"href":"https:\/\/portalnewsgta.com.br\/index.php\/wp-json\/wp\/v2\/comments?post=21248"}],"version-history":[{"count":0,"href":"https:\/\/portalnewsgta.com.br\/index.php\/wp-json\/wp\/v2\/posts\/21248\/revisions"}],"wp:featuredmedia":[{"embeddable":true,"href":"https:\/\/portalnewsgta.com.br\/index.php\/wp-json\/wp\/v2\/media\/21249"}],"wp:attachment":[{"href":"https:\/\/portalnewsgta.com.br\/index.php\/wp-json\/wp\/v2\/media?parent=21248"}],"wp:term":[{"taxonomy":"category","embeddable":true,"href":"https:\/\/portalnewsgta.com.br\/index.php\/wp-json\/wp\/v2\/categories?post=21248"},{"taxonomy":"post_tag","embeddable":true,"href":"https:\/\/portalnewsgta.com.br\/index.php\/wp-json\/wp\/v2\/tags?post=21248"}],"curies":[{"name":"wp","href":"https:\/\/api.w.org\/{rel}","templated":true}]}}