{"id":21231,"date":"2024-08-05T12:42:49","date_gmt":"2024-08-05T15:42:49","guid":{"rendered":"https:\/\/portalnewsgta.com.br\/index.php\/2024\/08\/05\/minha-filha-e-menina-foi-criada-como-menina-diz-pai-de-boxeadora-argetlina\/"},"modified":"2024-08-05T12:42:49","modified_gmt":"2024-08-05T15:42:49","slug":"minha-filha-e-menina-foi-criada-como-menina-diz-pai-de-boxeadora-argetlina","status":"publish","type":"post","link":"https:\/\/portalnewsgta.com.br\/index.php\/2024\/08\/05\/minha-filha-e-menina-foi-criada-como-menina-diz-pai-de-boxeadora-argetlina\/","title":{"rendered":"&#8216;Minha filha \u00e9 menina, foi criada como menina&#8217;, diz pai de boxeadora argetlina"},"content":{"rendered":"<p>(UOL\/FOLHAPRESS) &#8211; O pai da boxeadora argelina Imane Khelif falou sobre a pol\u00eamica envolvendo o g\u00eanero de sua filha durante as Olimp\u00edadas de Paris e disse que ela foi criada como menina.<\/p>\n<div class=\"dummyPub\">\u00a0<\/div>\n<p>&#8220;Minha filha \u00e9 uma menina. N\u00f3s a criamos como uma menina. \u00c9 uma menina forte. Eu a eduquei para que trabalhasse e fosse corajosa&#8221;, disse Omar Khelif em entrevista \u00e0 AFP.<\/p>\n<p>&#8220;Ela tem uma for\u00e7a de vontade para o trabalho e para o treino. Sua paix\u00e3o pelo esporte vem desde pequena. Ela era sempre a melhor em todos os outros esportes, no atletismo e no futebol.&#8221;<\/p>\n<p>O QUE ACONTECEU<\/p>\n<p>Imane Khelif tem lidado com suspeitas sobre seu g\u00eanero desde 2023. Ela voltou a afirmar que \u00e9 mulher logo ap\u00f3s garantir ao menos a medalha de bronze ao vencer a h\u00fangara Anna Luca Hamori, pelas quartas de final da categoria at\u00e9 66kg do boxe feminino, no s\u00e1bado (3).<\/p>\n<p>&#8220;Quero dizer ao mundo inteiro que sou mulher e continuarei mulher. Eu dedico esta medalha ao mundo e a todos os \u00e1rabes, e digo a voc\u00eas, vida longa \u00e0 Arg\u00e9lia&#8221;, disse.<\/p>\n<p>A argelina buscar\u00e1 a vaga na final nesta ter\u00e7a-feira (6). Ela enfrentar\u00e1 a tailandesa Janjaem Suwwannapheng a partir das 17h34 (de Bras\u00edlia).<\/p>\n<p>POL\u00caMICA SOBRE G\u00caNERO DE KHELIF<\/p>\n<p>A pol\u00eamica sobre o g\u00eanero de Imane Khelif come\u00e7ou em 2023. Ela participaria do Mundial de Boxe, organizado pela Associa\u00e7\u00e3o Internacional de Boxe (IBA, sigla em ingl\u00eas), mas foi desclassificada ap\u00f3s n\u00e3o passar em um &#8220;teste de g\u00eanero&#8221; feito pela organiza\u00e7\u00e3o.<\/p>\n<p>Outra lutadora lida com a pol\u00eamica quanto ao teste de g\u00eanero feito pela IBA. A taiwanesa Lin Yu-ting, que participa das Olimp\u00edadas e tamb\u00e9m j\u00e1 garantiu o bronze ao se classificar \u00e0 semifinal da categoria at\u00e9 57kg, tamb\u00e9m foi reprovada.<\/p>\n<p>A IBA n\u00e3o explica em seu site o m\u00e9todo do teste, que diz ser &#8220;confidencial&#8221;, mas afirma que elas &#8220;t\u00eam vantagens comparadas com as outras competidoras&#8221;.<\/p>\n<p>Imane Khelif conseguiu vaga nas Olimp\u00edadas de Paris-2024. A pol\u00eamica sobre ela ganhou for\u00e7a na \u00faltima quinta-feira (1\u00b0), quando ela venceu Angela Carini. A atleta italiana desistiu da luta ap\u00f3s 46 segundos, depois de levar golpes na altura do nariz.<\/p>\n<p>O porta-voz do COI explicou por que um teste de testosterona n\u00e3o \u00e9 adequado. &#8220;O teste de testosterona n\u00e3o \u00e9 um teste perfeito. Muitas mulheres podem ter n\u00edveis de testosterona iguais ou semelhantes aos dos homens, embora ainda sejam mulheres&#8221;, disse Mark Adams, porta-voz do COI, sobre o caso.<\/p>\n<p>O COI diz que a IBA, que organizou o Campeonato Mundial, n\u00e3o \u00e9 mais um \u00f3rg\u00e3o reconhecido como competente pelo comit\u00ea desde 2023. Um documento oficial cita que a organiza\u00e7\u00e3o de boxe apresentou falhas recorrentes relacionadas \u00e0 integridade e transpar\u00eancia da associa\u00e7\u00e3o, que foi acusada de manipula\u00e7\u00e3o de resultados e corrup\u00e7\u00e3o.<\/p>\n<p>N\u00e3o h\u00e1 qualquer confirma\u00e7\u00e3o que Imane Khelif n\u00e3o seja uma mulher cisg\u00eanero. A imprensa internacional chegou a levantar possibilidade -sem comprova\u00e7\u00e3o- de que a boxeadora argelina seja uma pessoa intersexo (que nasce com caracter\u00edsticas sexuais n\u00e3o bin\u00e1rias).<\/p>\n<p>Leia Tamb\u00e9m: <a href=\"https:\/\/www.noticiasaominuto.com.br\/esporte\/2182850\/imane-khelif-pede-fim-do-bullying-contra-atletas-nos-jogos-olimpicos\" target=\"_blank\" rel=\"noopener\">Imane Khelif pede &#8220;fim do bullying&#8221; contra atletas nos Jogos Ol\u00edmpicos<\/a><\/p>\n<p>Fonte: noticiasaominuto.com.br<\/p>\n","protected":false},"excerpt":{"rendered":"<p>(UOL\/FOLHAPRESS) &#8211; O pai da boxeadora argelina Imane Khelif falou sobre a pol\u00eamica envolvendo o<\/p>\n","protected":false},"author":0,"featured_media":21232,"comment_status":"open","ping_status":"open","sticky":false,"template":"","format":"standard","meta":{"footnotes":""},"categories":[4],"tags":[],"aioseo_notices":[],"_links":{"self":[{"href":"https:\/\/portalnewsgta.com.br\/index.php\/wp-json\/wp\/v2\/posts\/21231"}],"collection":[{"href":"https:\/\/portalnewsgta.com.br\/index.php\/wp-json\/wp\/v2\/posts"}],"about":[{"href":"https:\/\/portalnewsgta.com.br\/index.php\/wp-json\/wp\/v2\/types\/post"}],"replies":[{"embeddable":true,"href":"https:\/\/portalnewsgta.com.br\/index.php\/wp-json\/wp\/v2\/comments?post=21231"}],"version-history":[{"count":0,"href":"https:\/\/portalnewsgta.com.br\/index.php\/wp-json\/wp\/v2\/posts\/21231\/revisions"}],"wp:featuredmedia":[{"embeddable":true,"href":"https:\/\/portalnewsgta.com.br\/index.php\/wp-json\/wp\/v2\/media\/21232"}],"wp:attachment":[{"href":"https:\/\/portalnewsgta.com.br\/index.php\/wp-json\/wp\/v2\/media?parent=21231"}],"wp:term":[{"taxonomy":"category","embeddable":true,"href":"https:\/\/portalnewsgta.com.br\/index.php\/wp-json\/wp\/v2\/categories?post=21231"},{"taxonomy":"post_tag","embeddable":true,"href":"https:\/\/portalnewsgta.com.br\/index.php\/wp-json\/wp\/v2\/tags?post=21231"}],"curies":[{"name":"wp","href":"https:\/\/api.w.org\/{rel}","templated":true}]}}