{"id":21223,"date":"2024-08-05T11:42:40","date_gmt":"2024-08-05T14:42:40","guid":{"rendered":"https:\/\/portalnewsgta.com.br\/index.php\/2024\/08\/05\/meghan-markle-sobre-polemicas-se-ajudou-a-salvar-alguem-valeu-a-pena\/"},"modified":"2024-08-05T11:42:40","modified_gmt":"2024-08-05T14:42:40","slug":"meghan-markle-sobre-polemicas-se-ajudou-a-salvar-alguem-valeu-a-pena","status":"publish","type":"post","link":"https:\/\/portalnewsgta.com.br\/index.php\/2024\/08\/05\/meghan-markle-sobre-polemicas-se-ajudou-a-salvar-alguem-valeu-a-pena\/","title":{"rendered":"Meghan Markle sobre pol\u00eamicas: &quot;Se ajudou a salvar algu\u00e9m, valeu a pena&quot;"},"content":{"rendered":"<p>Harry e Meghan Markle participaram de sua primeira entrevista em tr\u00eas anos, refletindo sobre sua jornada desde que optaram por se afastar da fam\u00edlia real brit\u00e2nica em 2020, um processo que ficou conhecido como &#8216;Megxit&#8217;.<\/p>\n<div class=\"dummyPub\">\u00a0<\/div>\n<p>Na entrevista com Jane Pauley para o CBS News Sunday Morning, Meghan foi questionada sobre as declara\u00e7\u00f5es controversas que fez a Oprah Winfrey em 2021, nas quais revelou ter tido pensamentos suicidas.<\/p>\n<p>&#8220;Eu ainda n\u00e3o processei completamente minha experi\u00eancia. No entanto, acredito que ningu\u00e9m deveria se sentir assim. N\u00e3o quero que ningu\u00e9m passe por isso, e n\u00e3o quero que essa pessoa seja desacreditada&#8221;, disse Meghan.<\/p>\n<p>Ela acrescentou: &#8220;Se compartilhar o que passei puder ajudar a salvar algu\u00e9m ou encorajar as pessoas a olharem al\u00e9m das apar\u00eancias, ent\u00e3o ter\u00e1 valido a pena.&#8221;<\/p>\n<p>Leia Tamb\u00e9m: <a href=\"https:\/\/www.noticiasaominuto.com.br\/fama\/2182706\/queremos-protege-los-harry-e-meghan-falam-dos-filhos-em-entrevista\" target=\"_blank\" rel=\"noopener\">&#8220;Queremos proteg\u00ea-los&#8221;: Harry e Meghan falam dos filhos em entrevista<\/a><\/p>\n<p>Fonte: noticiasaominuto.com.br<\/p>\n","protected":false},"excerpt":{"rendered":"<p>Harry e Meghan Markle participaram de sua primeira entrevista em tr\u00eas anos, refletindo sobre sua<\/p>\n","protected":false},"author":0,"featured_media":21224,"comment_status":"open","ping_status":"open","sticky":false,"template":"","format":"standard","meta":{"footnotes":""},"categories":[6],"tags":[],"aioseo_notices":[],"_links":{"self":[{"href":"https:\/\/portalnewsgta.com.br\/index.php\/wp-json\/wp\/v2\/posts\/21223"}],"collection":[{"href":"https:\/\/portalnewsgta.com.br\/index.php\/wp-json\/wp\/v2\/posts"}],"about":[{"href":"https:\/\/portalnewsgta.com.br\/index.php\/wp-json\/wp\/v2\/types\/post"}],"replies":[{"embeddable":true,"href":"https:\/\/portalnewsgta.com.br\/index.php\/wp-json\/wp\/v2\/comments?post=21223"}],"version-history":[{"count":0,"href":"https:\/\/portalnewsgta.com.br\/index.php\/wp-json\/wp\/v2\/posts\/21223\/revisions"}],"wp:featuredmedia":[{"embeddable":true,"href":"https:\/\/portalnewsgta.com.br\/index.php\/wp-json\/wp\/v2\/media\/21224"}],"wp:attachment":[{"href":"https:\/\/portalnewsgta.com.br\/index.php\/wp-json\/wp\/v2\/media?parent=21223"}],"wp:term":[{"taxonomy":"category","embeddable":true,"href":"https:\/\/portalnewsgta.com.br\/index.php\/wp-json\/wp\/v2\/categories?post=21223"},{"taxonomy":"post_tag","embeddable":true,"href":"https:\/\/portalnewsgta.com.br\/index.php\/wp-json\/wp\/v2\/tags?post=21223"}],"curies":[{"name":"wp","href":"https:\/\/api.w.org\/{rel}","templated":true}]}}