{"id":21207,"date":"2024-08-05T10:00:12","date_gmt":"2024-08-05T13:00:12","guid":{"rendered":"https:\/\/portalnewsgta.com.br\/index.php\/2024\/08\/05\/paulo-jose-e-pedro-maggi-sao-aclamados-candidatos-em-convencao\/"},"modified":"2024-08-05T10:00:12","modified_gmt":"2024-08-05T13:00:12","slug":"paulo-jose-e-pedro-maggi-sao-aclamados-candidatos-em-convencao","status":"publish","type":"post","link":"https:\/\/portalnewsgta.com.br\/index.php\/2024\/08\/05\/paulo-jose-e-pedro-maggi-sao-aclamados-candidatos-em-convencao\/","title":{"rendered":"Paulo Jos\u00e9 e Pedro Maggi s\u00e3o aclamados candidatos em conven\u00e7\u00e3o"},"content":{"rendered":"<div>\n<div id=\"attachment_483851\" style=\"width: 810px\" class=\"wp-caption aligncenter\">\n<p id=\"caption-attachment-483851\" class=\"wp-caption-text\">Foto- Assessoria<\/p>\n<\/div>\n<p style=\"text-align: justify;\">Em uma Conven\u00e7\u00e3o Partid\u00e1ria que reuniu um p\u00fablico de mais de cinco mil pessoas, o ge\u00f3grafo Paulo Jos\u00e9 Correia e o m\u00e9dico pediatra Pedro Maggi foram aclamados como candidatos a prefeito e vice-prefeito das For\u00e7as Progressistas. O evento pol\u00edtico aconteceu na noite dessa sexta-feira (2) e tamb\u00e9m foram homologadas as candidaturas de vereadores e vereadoras dos 11 partidos que comp\u00f5em o grupo.<\/p>\n<p style=\"text-align: justify;\">O agora candidato a prefeito Paulo Jos\u00e9 agradeceu a popula\u00e7\u00e3o por confiar em seu nome, relembrou suas origens humildes e falou dos avan\u00e7os que administra\u00e7\u00e3o entregou para a popula\u00e7\u00e3o. \u201cEu nunca imaginava na minha vida um menino que morou na ro\u00e7a, numa casa de palha, que veio para Rondon\u00f3polis e morava numa casa que goteirava, mas que tive uma oportunidade na vida\u2026 E da mesma forma como tive uma oportunidade de ter um futuro melhor, n\u00f3s entregamos \u00e0 cidade de Rondon\u00f3polis 30 mil casas populares, 40 bairros foram constru\u00eddos por n\u00f3s, (foram entregues) 35 mil escrituras e agora n\u00f3s acreditamos que estamos prontos para o futuro\u201d, declarou.<\/p>\n<p style=\"text-align: justify;\">Sobre o agora candidato a vice-prefeito das For\u00e7as Progressistas, Paulo Jos\u00e9 diz que ele tem muito o que contribuir na constru\u00e7\u00e3o da cidade do futuro. \u201cEu acredito que Rondon\u00f3polis est\u00e1 preparada, pronta para o futuro. Mas n\u00f3s podemos avan\u00e7ar ainda mais em algumas \u00e1reas. Na agroind\u00fastria, nos servi\u00e7os, na constru\u00e7\u00e3o civil, mas principalmente avan\u00e7armos ainda mais na Sa\u00fade. E agora vem o Doutor Pedro Maggi, um estudioso da medicina, um m\u00e9dico formado na UFMT, uma pessoa que d\u00e1 aulas em S\u00e3o Paulo na universidade. \u00c9 uma pessoa preparada que vai completar essa chapa\u201d completou.<\/p>\n<p style=\"text-align: justify;\">Entre as suas prioridades, caso eleito, ele citou a constru\u00e7\u00e3o de quatro novos hospitais na cidade, que ficar\u00e3o no novo Centro Pol\u00edtico e Administrativo (CPA) e a constru\u00e7\u00e3o de um grande centro de eventos, que poder\u00e1 receber grandes eventos regionais e nacionais, atraindo turistas e renda para a popula\u00e7\u00e3o local, al\u00e9m da constru\u00e7\u00e3o de um novo distrito industrial para atrair novas empresas.<\/p>\n<p style=\"text-align: justify;\">J\u00e1 o m\u00e9dico Pedro Maggi afirmou que aceitou o desafio de entrar no p\u00e1reo eleitoral por acreditar no projeto das For\u00e7as progressistas e pelas qualidades do candidato a prefeito. \u201cPaulo Jos\u00e9 \u00e9 uma pessoa de muita experi\u00eancia administrativa, j\u00e1 teve muitos servi\u00e7os prestados para a popula\u00e7\u00e3o de Rondon\u00f3polis e eu acredito na gest\u00e3o Jos\u00e9 Carlos do P\u00e1tio, que ele transformou a realidade de Rondon\u00f3polis e quando me foi oferecido o projeto, veio focado na \u00e1rea da Sa\u00fade, uma \u00e1rea que eu sou estudioso e estou muito feliz pelo que fa\u00e7o. Trabalhei muito por Rondon\u00f3polis, passei por todas as \u00e1reas da Sa\u00fade aqui, conhe\u00e7o os seus gargalos e acredito que posso fazer um bom trabalho para continuar transformando Rondon\u00f3polis na cidade que pensamos para o futuro\u201d, afirmou.<\/p>\n<p style=\"text-align: justify;\">Grande l\u00edder do grupo pol\u00edtico, o prefeito Jos\u00e9 Carlos do P\u00e1tio afirmou que o papel da dupla \u00e9 continuar administrando a cidade e consolidando os avan\u00e7os conquistados. \u201cO futuro \u00e9 o debate que estamos travando, que \u00e9 a amplia\u00e7\u00e3o dos distritos industriais, fazer todas as escolas em per\u00edodo integral. J\u00e1 entregamos tr\u00eas creches em per\u00edodo integral, mas queremos entregar mais. Enfim, \u00e9 fazer pol\u00edticas p\u00fablicas que avancem mais a qualidade de vida do povo de Rondon\u00f3polis\u201d, externou.<\/p>\n<p style=\"text-align: justify;\">Federa\u00e7\u00f5es<\/p>\n<p style=\"text-align: justify;\">Apesar de fazerem parte das For\u00e7as Progressistas, o PT e o PCdoB, que fazem parte da Federa\u00e7\u00e3o Brasil da Esperan\u00e7a, e a Federa\u00e7\u00e3o Rede\/PSOL realizam suas conven\u00e7\u00f5es partid\u00e1rias nesse s\u00e1bado (3), por conta de quest\u00f5es burocr\u00e1ticas.<\/p>\n<\/p>\n<p>O post Paulo Jos\u00e9 e Pedro Maggi s\u00e3o aclamados candidatos em conven\u00e7\u00e3o apareceu primeiro em Portal MT.<\/p>\n<\/div>\n","protected":false},"excerpt":{"rendered":"<p>Foto- Assessoria Em uma Conven\u00e7\u00e3o Partid\u00e1ria que reuniu um p\u00fablico de mais de cinco mil<\/p>\n","protected":false},"author":2,"featured_media":21208,"comment_status":"registered_only","ping_status":"closed","sticky":false,"template":"","format":"standard","meta":{"footnotes":""},"categories":[2],"tags":[],"aioseo_notices":[],"_links":{"self":[{"href":"https:\/\/portalnewsgta.com.br\/index.php\/wp-json\/wp\/v2\/posts\/21207"}],"collection":[{"href":"https:\/\/portalnewsgta.com.br\/index.php\/wp-json\/wp\/v2\/posts"}],"about":[{"href":"https:\/\/portalnewsgta.com.br\/index.php\/wp-json\/wp\/v2\/types\/post"}],"author":[{"embeddable":true,"href":"https:\/\/portalnewsgta.com.br\/index.php\/wp-json\/wp\/v2\/users\/2"}],"replies":[{"embeddable":true,"href":"https:\/\/portalnewsgta.com.br\/index.php\/wp-json\/wp\/v2\/comments?post=21207"}],"version-history":[{"count":0,"href":"https:\/\/portalnewsgta.com.br\/index.php\/wp-json\/wp\/v2\/posts\/21207\/revisions"}],"wp:featuredmedia":[{"embeddable":true,"href":"https:\/\/portalnewsgta.com.br\/index.php\/wp-json\/wp\/v2\/media\/21208"}],"wp:attachment":[{"href":"https:\/\/portalnewsgta.com.br\/index.php\/wp-json\/wp\/v2\/media?parent=21207"}],"wp:term":[{"taxonomy":"category","embeddable":true,"href":"https:\/\/portalnewsgta.com.br\/index.php\/wp-json\/wp\/v2\/categories?post=21207"},{"taxonomy":"post_tag","embeddable":true,"href":"https:\/\/portalnewsgta.com.br\/index.php\/wp-json\/wp\/v2\/tags?post=21207"}],"curies":[{"name":"wp","href":"https:\/\/api.w.org\/{rel}","templated":true}]}}