{"id":21192,"date":"2024-08-05T08:17:10","date_gmt":"2024-08-05T11:17:10","guid":{"rendered":"https:\/\/portalnewsgta.com.br\/?p=21192"},"modified":"2024-08-05T08:17:10","modified_gmt":"2024-08-05T11:17:10","slug":"mendes-ve-hipocrisia-no-atraso-de-obra-e-pede-agilidade-a-uniao","status":"publish","type":"post","link":"https:\/\/portalnewsgta.com.br\/index.php\/2024\/08\/05\/mendes-ve-hipocrisia-no-atraso-de-obra-e-pede-agilidade-a-uniao\/","title":{"rendered":"Mendes v\u00ea hipocrisia no atraso de obra e pede agilidade \u00e0 Uni\u00e3o"},"content":{"rendered":"<h3>Governador tamb\u00e9m cobrou celeridade nas obras das BRs 158 e 242 na regi\u00e3o do Araguaia<\/h3>\n<p>Mayke Toscano\/Secom-MT<\/p>\n<p>O governador Mauro Mendes, que criticou andamento de obras em Mato Grosso<\/p>\n<p>GIORDANO TOMASELLI E C\u00cdNTIA BORGES<br \/>\nDA REDA\u00c7\u00c3O<\/p>\n<p>O governador Mauro Mendes (Uni\u00e3o) chamou de grande hipocrisia os entraves na obra da Ferrogr\u00e3o por atravessar terras ind\u00edgenas e pediu celeridade do Governo Federal ao andamento do projeto e ainda da\u00a0\u00a0BR-158 e\u00a0BR-242.<\/p>\n<p>&nbsp;<\/p>\n<h2>Pedimos [celeridade] na BR-158, na BR-242 e na Ferrogr\u00e3o, que foram os compromissos que o governo federal assumiu que faria em Mato Grosso<\/h2>\n<p>\u201cO Governo Federal tem dito [que as obras sair\u00e3o do papel], mas n\u00f3s precisamos que isso aconte\u00e7a. Pedimos [celeridade] na BR-158, na BR-242 e na Ferrogr\u00e3o, que foram os compromissos que o Governo Federal assumiu que faria em Mato Grosso\u201d, disse.<\/p>\n<p>&nbsp;<\/p>\n<p>Mendes afirmou que as obras na BR-158 j\u00e1 come\u00e7aram, mas ainda est\u00e3o em passos lentos. J\u00e1 na BR-242 e na Ferrogr\u00e3o, as obras ainda n\u00e3o come\u00e7aram.<\/p>\n<p>&nbsp;<\/p>\n<p>As estradas s\u00e3o fundamentais para o escoamento de safra e para o deslocamento da popula\u00e7\u00e3o na regi\u00e3o do Araguaia. J\u00e1 a ferrovia tem o objetivo de resolver problemas de escoamento da produ\u00e7\u00e3o agr\u00edcola do Estado para o norte do pa\u00eds.<\/p>\n<p>&nbsp;<\/p>\n<p>As BRs 158 e 242 receber\u00e3o obras de pavimenta\u00e7\u00e3o. Segundo o Minist\u00e9rio dos Transportes toda a documenta\u00e7\u00e3o necess\u00e1ria por parte da pasta j\u00e1 est\u00e1 pronta para que a ordem de servi\u00e7o seja iniciada e o investimento nas duas rodovias \u00e9 de mais de R$ 700 milh\u00f5es.<\/p>\n<p>&nbsp;<\/p>\n<p>A BR-242 teve a aprova\u00e7\u00e3o do Estudo de Componente Ind\u00edgena pela Funai (Funda\u00e7\u00e3o Nacional dos Povos Ind\u00edgenas) a as obras de pavimenta\u00e7\u00e3o j\u00e1 podem come\u00e7ar. A BR-158 contorna a Terra Ind\u00edgena de Mar\u00e3iwats\u00e9d\u00e9, dos Xavantes, e a obra j\u00e1 est\u00e1 em andamento.<\/p>\n<p>&nbsp;<\/p>\n<p><b><strong>Ferrogr\u00e3o e quest\u00f5es ind\u00edgenas<\/strong><\/b><\/p>\n<p>&nbsp;<\/p>\n<p>O governador tamb\u00e9m comentou sobre alguns entraves envolvendo terras ind\u00edgenas na regi\u00e3o.\u00a0 A constru\u00e7\u00e3o da Ferrogr\u00e3o est\u00e1 \u201cemperrada\u201d devido a seus poss\u00edveis impactos ambientais.<\/p>\n<p>&nbsp;<\/p>\n<h2>muitos governos passaram e ningu\u00e9m foi capaz de resolver isso<\/h2>\n<p>&nbsp;<\/p>\n<p>\u201cEsse problema de terras ind\u00edgenas \u00e9 uma grande hipocrisia que esse pa\u00eds enfrenta, muitos governos passaram e ningu\u00e9m foi capaz de resolver isso. Eu acredito que todo problema d\u00e1 pra resolver. Tem que ter coragem, compet\u00eancia e estrat\u00e9gia\u201d, declarou o governador.<\/p>\n<p>&nbsp;<\/p>\n<p>A ferrovia ter\u00e1 quase 1.000 quil\u00f4metros de extens\u00e3o e pretende ligar Sinop (480 km de Cuiab\u00e1) ao Porto de Miritituba, em Itaituba, no Par\u00e1. Sonhada pelo agroneg\u00f3cio, a ferrovia ainda enfrenta oposi\u00e7\u00e3o de ambientalistas e de entidades defensoras dos povos ind\u00edgenas.<\/p>\n<p>&nbsp;<\/p>\n<p>A obra est\u00e1 or\u00e7ada em mais de R$ 25 bilh\u00f5es de reais. O investimento est\u00e1 previsto no Novo Programa de Acelera\u00e7\u00e3o do Crescimento (PAC) que prev\u00ea estudos para novas concess\u00f5es para que as obras atendam a pedidos da Justi\u00e7a.<\/p>\n<p>&nbsp;<\/p>\n<p>O impasse chegou at\u00e9 o STF (Supremo Tribunal Federal) em setembro do ano passado, quando o ministro Alexandre de Moraes determinou a suspens\u00e3o do processo que trata da legalidade da constru\u00e7\u00e3o por seis meses , ap\u00f3s um pedido do PSOL. Em maio deste ano, ele suspendeu o processo por mais 90 dias<\/p>\n","protected":false},"excerpt":{"rendered":"<p>Governador tamb\u00e9m cobrou celeridade nas obras das BRs 158 e 242 na regi\u00e3o do Araguaia<\/p>\n","protected":false},"author":2,"featured_media":21193,"comment_status":"open","ping_status":"open","sticky":false,"template":"","format":"standard","meta":{"footnotes":""},"categories":[7,13],"tags":[],"aioseo_notices":[],"_links":{"self":[{"href":"https:\/\/portalnewsgta.com.br\/index.php\/wp-json\/wp\/v2\/posts\/21192"}],"collection":[{"href":"https:\/\/portalnewsgta.com.br\/index.php\/wp-json\/wp\/v2\/posts"}],"about":[{"href":"https:\/\/portalnewsgta.com.br\/index.php\/wp-json\/wp\/v2\/types\/post"}],"author":[{"embeddable":true,"href":"https:\/\/portalnewsgta.com.br\/index.php\/wp-json\/wp\/v2\/users\/2"}],"replies":[{"embeddable":true,"href":"https:\/\/portalnewsgta.com.br\/index.php\/wp-json\/wp\/v2\/comments?post=21192"}],"version-history":[{"count":1,"href":"https:\/\/portalnewsgta.com.br\/index.php\/wp-json\/wp\/v2\/posts\/21192\/revisions"}],"predecessor-version":[{"id":21194,"href":"https:\/\/portalnewsgta.com.br\/index.php\/wp-json\/wp\/v2\/posts\/21192\/revisions\/21194"}],"wp:featuredmedia":[{"embeddable":true,"href":"https:\/\/portalnewsgta.com.br\/index.php\/wp-json\/wp\/v2\/media\/21193"}],"wp:attachment":[{"href":"https:\/\/portalnewsgta.com.br\/index.php\/wp-json\/wp\/v2\/media?parent=21192"}],"wp:term":[{"taxonomy":"category","embeddable":true,"href":"https:\/\/portalnewsgta.com.br\/index.php\/wp-json\/wp\/v2\/categories?post=21192"},{"taxonomy":"post_tag","embeddable":true,"href":"https:\/\/portalnewsgta.com.br\/index.php\/wp-json\/wp\/v2\/tags?post=21192"}],"curies":[{"name":"wp","href":"https:\/\/api.w.org\/{rel}","templated":true}]}}