{"id":21177,"date":"2024-08-05T07:50:53","date_gmt":"2024-08-05T10:50:53","guid":{"rendered":"https:\/\/portalnewsgta.com.br\/?p=21177"},"modified":"2024-08-05T07:50:53","modified_gmt":"2024-08-05T10:50:53","slug":"se-liga-onde-posso-consultar-as-normas-das-eleicoes-2024","status":"publish","type":"post","link":"https:\/\/portalnewsgta.com.br\/index.php\/2024\/08\/05\/se-liga-onde-posso-consultar-as-normas-das-eleicoes-2024\/","title":{"rendered":"Se Liga: onde posso consultar as normas das Elei\u00e7\u00f5es 2024?"},"content":{"rendered":"<p>Todas as resolu\u00e7\u00f5es que regem o pleito municipal est\u00e3o dispon\u00edveis no Portal do TSE<\/p>\n<p>Toda elei\u00e7\u00e3o \u00e9 regida por um conjunto de leis, que, por sua vez, s\u00e3o regulamentadas por resolu\u00e7\u00f5es do Tribunal Superior Eleitoral (TSE). Os normativos do TSE detalham as regras definidas pela\u00a0<a href=\"https:\/\/www.planalto.gov.br\/ccivil_03\/constituicao\/constituicao.htm\">Constitui\u00e7\u00e3o Federal<\/a>, pelo\u00a0<a href=\"https:\/\/www.tse.jus.br\/legislacao\/codigo-eleitoral\/codigo-eleitoral-1\/codigo-eleitoral-lei-nb0-4.737-de-15-de-julho-de-1965\">C\u00f3digo Eleitoral<\/a>\u00a0e pelas Leis\u00a0<a href=\"https:\/\/www.planalto.gov.br\/ccivil_03\/leis\/l9504.htm\">das Elei\u00e7\u00f5es<\/a>,\u00a0<a href=\"https:\/\/www.planalto.gov.br\/ccivil_03\/leis\/l9096.htm\">dos Partidos Pol\u00edticos<\/a>\u00a0e\u00a0<a href=\"https:\/\/www.planalto.gov.br\/ccivil_03\/leis\/lcp\/lcp64.htm?origin=instituicao\">de Inelegibilidade<\/a>, por exemplo.<\/p>\n<p>Essas resolu\u00e7\u00f5es podem ser encontradas na p\u00e1gina das\u00a0<a href=\"https:\/\/www.tse.jus.br\/eleicoes\/eleicoes-2024\">Elei\u00e7\u00f5es 2024<\/a>, hospedada no Portal do Tribunal. L\u00e1<i>,<\/i>\u00a0\u00e9 poss\u00edvel consultar o calend\u00e1rio eleitoral do ano, as pesquisas eleitorais j\u00e1 registradas e as\u00a0<a href=\"https:\/\/www.tse.jus.br\/eleicoes\/eleicoes-2024-content\/normas-e-documentacoes\/normas-e-documentacoes-eleicoes-2024\">normas e as documenta\u00e7\u00f5es<\/a>\u00a0do pleito municipal deste ano. Na mesma p\u00e1gina, \u00e9 poss\u00edvel, ainda, treinar o voto no\u00a0<a href=\"https:\/\/www.tse.jus.br\/hotsites\/simulador-de-votacao\/\">simulador de vota\u00e7\u00e3o<\/a>.<\/p>\n<p>Entre os conte\u00fados disponibilizados na p\u00e1gina, est\u00e3o:<\/p>\n<ul>\n<li>Resolu\u00e7\u00e3o TSE n\u00ba 23.737\/2024 (<a href=\"https:\/\/www.tse.jus.br\/legislacao\/compilada\/res\/2024\/resolucao-no-23-737-de-27-de-fevereiro-de-2024\">cronograma operacional do cadastro eleitoral<\/a>);<\/li>\n<\/ul>\n<ul>\n<li>Resolu\u00e7\u00e3o TSE n\u00ba 23.738\/2024 (<a href=\"https:\/\/www.tse.jus.br\/legislacao\/compilada\/res\/2024\/resolucao-no-23-738-de-27-de-fevereiro-de-2024\">calend\u00e1rio eleitoral<\/a>);<\/li>\n<\/ul>\n<ul>\n<li>Resolu\u00e7\u00e3o TSE n\u00ba 23.736\/2024 (<a href=\"https:\/\/www.tse.jus.br\/legislacao\/compilada\/res\/2024\/resolucao-no-23-736-de-27-de-fevereiro-de-2024\">atos gerais do processo eleitoral<\/a>);<\/li>\n<\/ul>\n<ul>\n<li>Resolu\u00e7\u00e3o TSE n\u00ba 23.735\/2024 (<a href=\"https:\/\/www.tse.jus.br\/legislacao\/compilada\/res\/2024\/resolucao-no-23-735-de-27-de-fevereiro-de-2024\">il\u00edcitos eleitorais<\/a>);<\/li>\n<\/ul>\n<ul>\n<li>Resolu\u00e7\u00e3o TSE n\u00ba 23.610\/2019 (<a href=\"https:\/\/www.tse.jus.br\/legislacao\/compilada\/res\/2019\/resolucao-no-23-610-de-18-de-dezembro-de-2019\">propaganda eleitoral<\/a>);<\/li>\n<\/ul>\n<ul>\n<li>Resolu\u00e7\u00e3o TSE n\u00ba 23.609\/2019 (<a href=\"https:\/\/www.tse.jus.br\/legislacao\/compilada\/res\/2019\/resolucao-no-23-609-de-18-de-dezembro-de-2019\">escolha e registro de candidaturas<\/a>);<\/li>\n<\/ul>\n<ul>\n<li>Resolu\u00e7\u00e3o TSE n\u00ba 23.607\/2019 (<a href=\"https:\/\/www.tse.jus.br\/legislacao\/compilada\/res\/2019\/resolucao-no-23-607-de-17-de-dezembro-de-2019\">presta\u00e7\u00e3o de contas nas elei\u00e7\u00f5es<\/a>); e<\/li>\n<\/ul>\n<ul>\n<li>Resolu\u00e7\u00e3o TSE n\u00ba 23.600\/2019 (<a href=\"https:\/\/www.tse.jus.br\/legislacao\/compilada\/res\/2019\/resolucao-no-23-600-de-12-de-dezembro-de-2019\">pesquisas eleitorais<\/a>).<\/li>\n<\/ul>\n<p><iframe loading=\"lazy\" title=\"YouTube video player\" src=\"https:\/\/www.youtube.com\/embed\/iXsPrYfTjVI?si=DC9aRQeR-xOK7H0k\" width=\"560\" height=\"315\" data-mce-fragment=\"1\"><\/iframe><\/p>\n<p>&nbsp;<\/p>\n<h3 id=\"titulo-0\">Elei\u00e7\u00f5es 2024<\/h3>\n<p>As Elei\u00e7\u00f5es Municipais de 2024 acontecem nos dias 6 (1\u00ba turno) e 27 de outubro (eventual 2\u00ba turno). A vota\u00e7\u00e3o ser\u00e1 iniciada \u00e0s 8h e, se n\u00e3o houver eleitores na fila, ser\u00e1 encerrada \u00e0s 17h, sempre de acordo com o hor\u00e1rio de Bras\u00edlia (DF).<\/p>\n<p>BA\/LC, DB<\/p>\n<p><b>Leia mais:<\/b><\/p>\n<p>26.07.2024 \u2013\u00a0<a href=\"https:\/\/www.tse.jus.br\/comunicacao\/noticias\/2024\/Julho\/se-liga-entenda-como-funciona-o-horario-eleitoral-gratuito\">Se Liga: confira como funciona o hor\u00e1rio eleitoral gratuito<\/a><\/p>\n<p>19.07.2024 &#8211;\u00a0<a title=\"Link:\n        Se Liga: o que n\u00e3o \u00e9 permitido na propaganda eleitoral na internet?\" href=\"https:\/\/www.tse.jus.br\/comunicacao\/noticias\/2024\/Julho\/se-liga-o-que-nao-e-permitido-na-propaganda-eleitoral-na-internet\">Se Liga: o que n\u00e3o \u00e9 permitido na propaganda eleitoral na internet?<\/a><\/p>\n<p>12.07.2024 \u2013\u00a0<a href=\"https:\/\/www.tse.jus.br\/comunicacao\/noticias\/2024\/Julho\/se-liga-o-que-nao-e-permitido-na-propaganda-eleitoral-nas-ruas\">Se Liga: o que n\u00e3o \u00e9 permitido na propaganda eleitoral nas ruas?<\/a><\/p>\n<p>05.07.2024 \u2013\u202f<a href=\"https:\/\/www.tse.jus.br\/comunicacao\/noticias\/2024\/Julho\/se-liga-o-que-e-permitido-na-propaganda-eleitoral-nas-ruas\">Se Liga: o que \u00e9 permitido na propaganda eleitoral nas ruas?<\/a><\/p>\n<p>28.06.2024 \u2013\u202f<a href=\"https:\/\/www.tse.jus.br\/comunicacao\/noticias\/2024\/Junho\/se-liga-o-que-e-propaganda-eleitoral-nas-ruas\">Se Liga: o que \u00e9 propaganda eleitoral nas ruas?<\/a><\/p>\n<p>21.06.2024 \u2013\u202f<a href=\"https:\/\/www.tse.jus.br\/comunicacao\/noticias\/2024\/Junho\/se-liga-a-partir-de-quando-os-partidos-politicos-podem-registrar-os-candidatos\">Se Liga: a partir de quando os partidos pol\u00edticos podem registrar as candidaturas?<\/a><\/p>\n<p>14.06.2024 \u2013\u202f<a href=\"https:\/\/www.tse.jus.br\/comunicacao\/noticias\/2024\/Junho\/se-liga-saiba-o-que-sao-as-convencoes-partidarias-e-o-que-acontece-nesses-eventos\">Se Liga: saiba o que s\u00e3o as conven\u00e7\u00f5es partid\u00e1rias e o que acontece nesses eventos<\/a><\/p>\n<p>07.06.2024 \u2013\u202f<a href=\"https:\/\/www.tse.jus.br\/comunicacao\/noticias\/2024\/Junho\/se-liga-coligacoes-partidarias-so-podem-ser-feitas-para-as-eleicoes-majoritarias\">Se Liga: coliga\u00e7\u00f5es partid\u00e1rias s\u00f3 podem ser feitas para as elei\u00e7\u00f5es majorit\u00e1rias?<\/a><\/p>\n<p>31.05.2024 \u2013\u202f<a href=\"https:\/\/www.tse.jus.br\/comunicacao\/noticias\/2024\/Maio\/coligacoes-e-federacoes-partidarias-se-liga-na-diferenca-entre-esses-modelos-de-pacto-entre-legendas\">Coliga\u00e7\u00f5es e federa\u00e7\u00f5es: confira a diferen\u00e7a entre esses modelos de pacto entre partidos<\/a><\/p>\n<p>24.05.2024 \u2013\u202f<a href=\"https:\/\/www.tse.jus.br\/comunicacao\/noticias\/2024\/Maio\/se-liga-voce-sabe-qual-a-diferenca-entre-eleicoes-majoritaria-e-proporcional\">Se Liga: voc\u00ea sabe qual a diferen\u00e7a entre elei\u00e7\u00f5es majorit\u00e1ria e proporcional?<\/a><\/p>\n<p>17.05.2024 \u2013\u202f<a href=\"https:\/\/www.tse.jus.br\/comunicacao\/noticias\/2024\/Maio\/se-liga-qual-a-idade-minima-para-concorrer-a-prefeito-e-a-vereador\">Se liga: qual \u00e9 a idade m\u00ednima para concorrer a prefeito e a vereador?<\/a><\/p>\n<p>10.05.2024 \u2013\u202f<a href=\"https:\/\/www.tse.jus.br\/comunicacao\/noticias\/2024\/Maio\/se-liga-pode-fazer-vaquinha-virtual-para-apoiar-candidaturas\">Se Liga: pode fazer vaquinha virtual para apoiar candidaturas?<\/a><\/p>\n<p>03.05.2024 \u2013\u202f<a href=\"https:\/\/www.tse.jus.br\/comunicacao\/noticias\/2024\/Maio\/se-liga-posso-entrar-na-cabine-de-votacao-com-celular\">Se liga: posso entrar na cabine de vota\u00e7\u00e3o com celular?<\/a><\/p>\n<p>26.04.2024 \u2013\u202f<a href=\"https:\/\/www.tse.jus.br\/comunicacao\/noticias\/2024\/Abril\/vereador-ou-prefeito-conheca-a-ordem-de-votacao-nas-eleicoes-2024\">Vereador ou prefeito: conhe\u00e7a a ordem de vota\u00e7\u00e3o nas Elei\u00e7\u00f5es 2024<\/a><\/p>\n<p>19.04.2024 \u2013\u202f<a href=\"https:\/\/www.tse.jus.br\/comunicacao\/noticias\/2024\/Abril\/mudei-de-cidade-como-faco-para-transferir-meu-titulo-de-eleitor\">Mudei de cidade. Como fa\u00e7o para transferir meu t\u00edtulo de eleitor?<\/a><\/p>\n<p>12.04.2024 \u2013\u202f<a href=\"https:\/\/www.tse.jus.br\/comunicacao\/noticias\/2024\/Abril\/nao-fiz-o-cadastro-biometrico-posso-votar-mesmo-assim\">N\u00e3o fiz o cadastro biom\u00e9trico. Posso votar mesmo assim?<\/a><\/p>\n<p>05.04.2024 \u2013\u202f<a href=\"https:\/\/www.tse.jus.br\/comunicacao\/noticias\/2024\/Abril\/posso-tirar-o-titulo-de-eleitor-com-15-anos\">Posso tirar o t\u00edtulo de eleitor com 15 anos?<\/a><\/p>\n<p>29.03.2024 \u2013\u202f<a href=\"https:\/\/www.tse.jus.br\/comunicacao\/noticias\/2024\/Marco\/estou-em-dia-com-a-justica-eleitoral-veja-como-consultar-a-sua-situacao\">Estou em dia com a Justi\u00e7a Eleitoral? Veja como consultar a sua situa\u00e7\u00e3o<\/a><\/p>\n<p>22.03.2024 \u2013\u202f<a href=\"https:\/\/www.tse.jus.br\/comunicacao\/noticias\/2024\/Marco\/se-liga-data-limite-para-se-filiar-a-um-partido-e-concorrer-na-eleicao-esta-chegando\">Se liga: data-limite para se filiar e concorrer na elei\u00e7\u00e3o est\u00e1 chegando<\/a><\/p>\n<p>15.03.2024 \u2013\u202f<a href=\"https:\/\/www.tse.jus.br\/comunicacao\/noticias\/2024\/Marco\/preciso-levar-o-titulo-para-votar-veja-quais-sao-os-documentos-aceitos-no-dia-da-eleicao\">Preciso levar o t\u00edtulo para votar? Conhe\u00e7a os documentos aceitos no dia da elei\u00e7\u00e3o<\/a><\/p>\n<p>08.03.2024 \u2013\u202f<a href=\"https:\/\/www.tse.jus.br\/comunicacao\/noticias\/2024\/Marco\/voce-sabia-que-nao-existe-voto-em-transito-nas-eleicoes-municipais-a-gente-te-explica\">Voc\u00ea sabia que n\u00e3o existe voto em tr\u00e2nsito nas elei\u00e7\u00f5es municipais? A gente te explica<\/a><\/p>\n<p>01.03.2024 \u2013\u202f<a href=\"https:\/\/www.tse.jus.br\/comunicacao\/noticias\/2024\/Marco\/politicos-podem-mudar-de-partido-saiba-o-que-e-a-janela-partidaria\">Pol\u00edticos podem mudar de partido? Saiba o que \u00e9 a janela partid\u00e1ria<\/a><\/p>\n<p>23.02.2024 \u2013\u202f<a href=\"https:\/\/www.tse.jus.br\/comunicacao\/noticias\/2024\/Fevereiro\/posso-pagar-multa-eleitoral-com-pix-confira-os-meios-de-quitar-debitos-com-a-justica-eleitoral\">Posso pagar multa eleitoral com PIX? Saiba como quitar d\u00e9bitos com a Justi\u00e7a Eleitoral<\/a><\/p>\n<p>16.02.2024 \u2013\u202f<a href=\"https:\/\/www.tse.jus.br\/comunicacao\/noticias\/2024\/Fevereiro\/faco-18-anos-entre-o-1o-e-2o-turno-das-eleicoes-sou-obrigado-a-votar\">Fa\u00e7o 18 anos entre o 1\u00ba e o 2\u00ba turno das elei\u00e7\u00f5es. Sou obrigado a votar?<\/a><\/p>\n<p>09.02.2024 \u2013\u202f<a href=\"https:\/\/www.tse.jus.br\/comunicacao\/noticias\/2024\/Fevereiro\/ate-quando-posso-tirar-o-titulo-de-eleitor-para-votar-nas-eleicoes-2024\">At\u00e9 quando posso tirar o t\u00edtulo de eleitor para votar nas Elei\u00e7\u00f5es 2024?<\/a><\/p>\n","protected":false},"excerpt":{"rendered":"<p>Todas as resolu\u00e7\u00f5es que regem o pleito municipal est\u00e3o dispon\u00edveis no Portal do TSE Toda<\/p>\n","protected":false},"author":2,"featured_media":21178,"comment_status":"open","ping_status":"open","sticky":false,"template":"","format":"standard","meta":{"footnotes":""},"categories":[13,2],"tags":[],"aioseo_notices":[],"_links":{"self":[{"href":"https:\/\/portalnewsgta.com.br\/index.php\/wp-json\/wp\/v2\/posts\/21177"}],"collection":[{"href":"https:\/\/portalnewsgta.com.br\/index.php\/wp-json\/wp\/v2\/posts"}],"about":[{"href":"https:\/\/portalnewsgta.com.br\/index.php\/wp-json\/wp\/v2\/types\/post"}],"author":[{"embeddable":true,"href":"https:\/\/portalnewsgta.com.br\/index.php\/wp-json\/wp\/v2\/users\/2"}],"replies":[{"embeddable":true,"href":"https:\/\/portalnewsgta.com.br\/index.php\/wp-json\/wp\/v2\/comments?post=21177"}],"version-history":[{"count":1,"href":"https:\/\/portalnewsgta.com.br\/index.php\/wp-json\/wp\/v2\/posts\/21177\/revisions"}],"predecessor-version":[{"id":21179,"href":"https:\/\/portalnewsgta.com.br\/index.php\/wp-json\/wp\/v2\/posts\/21177\/revisions\/21179"}],"wp:featuredmedia":[{"embeddable":true,"href":"https:\/\/portalnewsgta.com.br\/index.php\/wp-json\/wp\/v2\/media\/21178"}],"wp:attachment":[{"href":"https:\/\/portalnewsgta.com.br\/index.php\/wp-json\/wp\/v2\/media?parent=21177"}],"wp:term":[{"taxonomy":"category","embeddable":true,"href":"https:\/\/portalnewsgta.com.br\/index.php\/wp-json\/wp\/v2\/categories?post=21177"},{"taxonomy":"post_tag","embeddable":true,"href":"https:\/\/portalnewsgta.com.br\/index.php\/wp-json\/wp\/v2\/tags?post=21177"}],"curies":[{"name":"wp","href":"https:\/\/api.w.org\/{rel}","templated":true}]}}