{"id":21154,"date":"2024-08-05T07:38:25","date_gmt":"2024-08-05T10:38:25","guid":{"rendered":"https:\/\/portalnewsgta.com.br\/?p=21154"},"modified":"2024-08-05T07:38:25","modified_gmt":"2024-08-05T10:38:25","slug":"jayme-todos-concordaram-que-o-sandrin-era-a-pessoa-indicada","status":"publish","type":"post","link":"https:\/\/portalnewsgta.com.br\/index.php\/2024\/08\/05\/jayme-todos-concordaram-que-o-sandrin-era-a-pessoa-indicada\/","title":{"rendered":"Jayme: todos concordaram que o Sandrin era a pessoa indicada"},"content":{"rendered":"<section class=\"FullLine\">\n<div class=\"conteudo\">\n<h3>M\u00e9dico foi anunciado vice de Eduardo Botelho nesta sexta-feira (2) durante reuni\u00e3o no Uni\u00e3o Brasil<\/h3>\n<\/div>\n<\/section>\n<section>\n<div class=\"FullLine\">\n<div class=\"conteudo_foto\">\n<div class=\"imgcontent\">\n<p class=\"credito_foto\">Thiago Bergamasco\/TCE-MT<\/p>\n<p class=\"descricao_foto\">O senador Jayme Campos exaltou o nome de Marcelo Sandrin como vice<\/p>\n<\/div>\n<\/div>\n<div class=\"Font14Bold\">VIT\u00d3RIA GOMES E C\u00cdNTIA BORGES<br \/>\nDA REDA\u00c7\u00c3O<\/div>\n<div id=\"texto\" class=\"texto\">\n<p>O senador Jayme Campos (Uni\u00e3o) afirmou que n\u00e3o houve briga entre os partidos aliados ap\u00f3s a decis\u00e3o de nomear o m\u00e9dico Marcelo Sandrin (Republicanos) como vice na chapa do deputado estadual Eduardo Botelho (Uni\u00e3o).<\/p>\n<p>&nbsp;<\/p>\n<div class=\"quote-wrapper right\">\n<div class=\"quote-img-wrapper right\"><img decoding=\"async\" class=\"quote-img right\" src=\"https:\/\/www.midianews.com.br\/images\/aspas_right.gif\" \/><\/div>\n<h2 class=\"quote-content\">O nome do doutor Marcelo Sandrin encaixa perfeitamente, sobretudo porque um dos maiores problemas de Cuiab\u00e1 \u00e9 a quest\u00e3o da Sa\u00fade<\/h2>\n<\/div>\n<p>Sandrin foi anunciado no cargo nesta sexta-feira (2) durante uma reuni\u00e3o na sede do Uni\u00e3o Brasil, em Cuiab\u00e1.<\/p>\n<p>&nbsp;<\/p>\n<p>Ele, entretanto, disputou a fun\u00e7\u00e3o com outros nomes de peso como a deputada federal Gisela Simona (Uni\u00e3o), o ex-secret\u00e1rio de Turismo Felipe Wellaton (PRD), o empres\u00e1rio Elson Ramos e a vereadora Maysa Les\u00e3o (Republicanos).<\/p>\n<p>&nbsp;<\/p>\n<p>\u201cN\u00e3o houve nenhuma briga, foi uma conversa muito civilizada, respeitosa, educada. O que me chamou bastante \u00e9 que, fechando o assunto, todo mundo concordou que o doutor Marcelo Sandrin era a pessoa indicada\u201d, afirmou.<\/p>\n<div id=\"taboola-mid-article-thumbnails\" class=\"trc_related_container trc_spotlight_widget tbl-trecs-container trc_elastic trc_elastic_alternating-thumbnails-a-mid-article\" data-placement-name=\"Mid Article Thumbnails\">\n<div class=\"trc_rbox_container\">\n<div>\n<div id=\"trc_wrapper_825327583\" class=\"trc_rbox alternating-thumbnails-a-mid-article trc-content-hybrid\">\n<div id=\"trc_header_825327583\" class=\"trc_rbox_header trc_rbox_border_elm\">\n<div class=\"trc_header_ext\"><\/div>\n<\/div>\n<\/div>\n<\/div>\n<\/div>\n<\/div>\n<p>&nbsp;<\/p>\n<p>O senador ainda exaltou a escolha do partido e negou que Sandrin tenha feito qualquer acordo para se estabelecer como vice. \u00a0O m\u00e9dico, inclusive, j\u00e1 havia dito que n\u00e3o tem a inten\u00e7\u00e3o de ocupar o cargo de secret\u00e1rio de Sa\u00fade, caso Botelho seja eleito.<\/p>\n<p>&nbsp;<\/p>\n<p>\u201cEle \u00e9 um homem despojado, que est\u00e1 ai para somar com o Eduardo Botelho. Isso \u00e9 muito bom em pol\u00edtica, quando voc\u00ea escolhe um vice que n\u00e3o tem esse interesse em nada, at\u00e9 porque ele \u00e9 um cidad\u00e3o muito bem sucedido na vida. [&#8230;] Ele \u00e9 um homem da paz e que quer ajudar a resgatar a sa\u00fade p\u00fablica de Cuiab\u00e1\u201d, disse.<\/p>\n<p>&nbsp;<\/p>\n<p><strong>Caos na Sa\u00fade<\/strong><\/p>\n<p>&nbsp;<\/p>\n<p>Jayme tamb\u00e9m reiterou a import\u00e2ncia da experi\u00eancia de Sandrin na sa\u00fade p\u00fablica para auxiliar no projeto de governo para a Secretaria Municipal de Sa\u00fade (SMS). A pasta tornou-se um dos focos da campanha de Botelho.<\/p>\n<p>&nbsp;<\/p>\n<p>A Sa\u00fade \u00e9 vista como um dos principais gargalos de Cuiab\u00e1, j\u00e1 que o atual prefeito, Emanuel Pinheiro (MDB), vai deixar uma d\u00edvida superior a R$ 1,2 bilh\u00e3o.<\/p>\n<p>&nbsp;<\/p>\n<p>\u201cO nome do doutor Marcelo Sandrin encaixa perfeitamente, sobretudo porque um dos maiores problemas de Cuiab\u00e1 \u00e9 a quest\u00e3o da Sa\u00fade e n\u00e3o tem pessoa mais ideal, mais qualificada para ajudar a resolver essa sa\u00fade p\u00fablica, que infelizmente n\u00e3o est\u00e1 indo muito bem na Capital\u201d.<\/p>\n<\/div>\n<\/div>\n<\/section>\n","protected":false},"excerpt":{"rendered":"<p>M\u00e9dico foi anunciado vice de Eduardo Botelho nesta sexta-feira (2) durante reuni\u00e3o no Uni\u00e3o Brasil<\/p>\n","protected":false},"author":2,"featured_media":21155,"comment_status":"open","ping_status":"open","sticky":false,"template":"","format":"standard","meta":{"footnotes":""},"categories":[13,2],"tags":[],"aioseo_notices":[],"_links":{"self":[{"href":"https:\/\/portalnewsgta.com.br\/index.php\/wp-json\/wp\/v2\/posts\/21154"}],"collection":[{"href":"https:\/\/portalnewsgta.com.br\/index.php\/wp-json\/wp\/v2\/posts"}],"about":[{"href":"https:\/\/portalnewsgta.com.br\/index.php\/wp-json\/wp\/v2\/types\/post"}],"author":[{"embeddable":true,"href":"https:\/\/portalnewsgta.com.br\/index.php\/wp-json\/wp\/v2\/users\/2"}],"replies":[{"embeddable":true,"href":"https:\/\/portalnewsgta.com.br\/index.php\/wp-json\/wp\/v2\/comments?post=21154"}],"version-history":[{"count":1,"href":"https:\/\/portalnewsgta.com.br\/index.php\/wp-json\/wp\/v2\/posts\/21154\/revisions"}],"predecessor-version":[{"id":21156,"href":"https:\/\/portalnewsgta.com.br\/index.php\/wp-json\/wp\/v2\/posts\/21154\/revisions\/21156"}],"wp:featuredmedia":[{"embeddable":true,"href":"https:\/\/portalnewsgta.com.br\/index.php\/wp-json\/wp\/v2\/media\/21155"}],"wp:attachment":[{"href":"https:\/\/portalnewsgta.com.br\/index.php\/wp-json\/wp\/v2\/media?parent=21154"}],"wp:term":[{"taxonomy":"category","embeddable":true,"href":"https:\/\/portalnewsgta.com.br\/index.php\/wp-json\/wp\/v2\/categories?post=21154"},{"taxonomy":"post_tag","embeddable":true,"href":"https:\/\/portalnewsgta.com.br\/index.php\/wp-json\/wp\/v2\/tags?post=21154"}],"curies":[{"name":"wp","href":"https:\/\/api.w.org\/{rel}","templated":true}]}}