{"id":21120,"date":"2024-08-05T05:47:17","date_gmt":"2024-08-05T08:47:17","guid":{"rendered":"https:\/\/portalnewsgta.com.br\/index.php\/2024\/08\/05\/imane-khelif-pede-fim-do-bullying-contra-atletas-nos-jogos-olimpicos\/"},"modified":"2024-08-05T05:47:17","modified_gmt":"2024-08-05T08:47:17","slug":"imane-khelif-pede-fim-do-bullying-contra-atletas-nos-jogos-olimpicos","status":"publish","type":"post","link":"https:\/\/portalnewsgta.com.br\/index.php\/2024\/08\/05\/imane-khelif-pede-fim-do-bullying-contra-atletas-nos-jogos-olimpicos\/","title":{"rendered":"Imane Khelif pede &quot;fim do bullying&quot; contra atletas nos Jogos Ol\u00edmpicos"},"content":{"rendered":"<p>A pugilista argelina Imane Khelif afirmou que as alega\u00e7\u00f5es infundadas sobre seu g\u00eanero &#8220;prejudicam a dignidade humana&#8221; e apelou pelo fim do bullying contra atletas.<\/p>\n<div class=\"dummyPub\">\u00a0<\/div>\n<p>&#8220;Envio uma mensagem a todas as pessoas do mundo para defenderem os princ\u00edpios ol\u00edmpicos e a Carta Ol\u00edmpica, para se absterem de intimidar todos os atletas, porque isso tem efeitos enormes&#8221;, disse Khelif em uma entrevista divulgada no domingo \u00e0 noite.<\/p>\n<p>O bullying &#8220;pode destruir as pessoas, pode matar os pensamentos, o esp\u00edrito e a mente das pessoas&#8221;, acrescentou a atleta de 25 anos, falando em \u00e1rabe, a um servi\u00e7o televisivo parceiro da ag\u00eancia de not\u00edcias Associated Press.<\/p>\n<p>Khelif j\u00e1 garantiu uma medalha nos Jogos de Paris 2024, ao se classificar para as semifinais na categoria de at\u00e9 66 kg, uma modalidade que concede duas medalhas de bronze.<\/p>\n<p>No s\u00e1bado, Khelif venceu a h\u00fangara Anna Luca Hamori por decis\u00e3o un\u00e2nime dos ju\u00edzes e, na ter\u00e7a-feira, enfrentar\u00e1 Janjaem Suwannapheng pela vaga na final, depois que a tailandesa, vice-campe\u00e3 mundial, derrotou a campe\u00e3 ol\u00edmpica turca, Busenaz Surmeneli.<\/p>\n<p>A argelina, que chegou \u00e0s quartas de final em T\u00f3quio 2020, e a taiwanesa Lin Yu-ting (categoria at\u00e9 57 kg), atualmente nas quartas de final ap\u00f3s ser eliminada na primeira rodada no Jap\u00e3o, est\u00e3o no centro de alega\u00e7\u00f5es infundadas sobre seu g\u00eanero.<\/p>\n<p>O Comit\u00ea Ol\u00edmpico Internacional (COI) tem defendido sua participa\u00e7\u00e3o diante de um coro de vozes que argumentam que elas n\u00e3o deveriam competir entre as mulheres.<\/p>\n<p>Essa situa\u00e7\u00e3o tem sido uma das mais pol\u00eamicas dos Jogos de Paris 2024, gerando debates nas redes sociais com a participa\u00e7\u00e3o de figuras como o ex-presidente dos Estados Unidos Donald Trump, a escritora J.K. Rowling e a Primeira-Ministra italiana Giorgia Meloni.<\/p>\n<p>&#8220;Vamos ser muito claros aqui: estamos falando sobre boxe feminino. Temos duas pugilistas que nasceram mulheres, foram criadas como mulheres, t\u00eam passaporte de mulher e competem h\u00e1 muitos anos como mulheres. E essa \u00e9 a defini\u00e7\u00e3o clara de mulher. Nunca houve qualquer d\u00favida sobre elas serem mulheres&#8221;, defendeu no s\u00e1bado o presidente do COI, Thomas Bach.<\/p>\n<p>Khelif e Lin enfrentaram escrut\u00ednio internacional ap\u00f3s serem banidas do Mundial de 2023 pela Associa\u00e7\u00e3o Internacional de Boxe, entidade reguladora exclu\u00edda do olimpismo pelo COI, onde competiram desde sempre. A associa\u00e7\u00e3o nunca apresentou dados concretos para justificar sua decis\u00e3o, baseada em supostos n\u00edveis elevados de testosterona.<\/p>\n<p>No domingo, Khelif se recusou a responder se foi submetida a outros exames al\u00e9m dos testes antidoping pela Associa\u00e7\u00e3o Internacional de Boxe, dizendo que n\u00e3o queria falar sobre o assunto.<\/p>\n<p>A atleta expressou gratid\u00e3o ao COI e a Thomas Bach por terem a apoiado: &#8220;Sei que o Comit\u00ea Ol\u00edmpico me fez justi\u00e7a e estou feliz com esta solu\u00e7\u00e3o porque mostra a verdade&#8221;.<br \/>\u00a0<br \/>\u00a0<\/p>\n<p>Leia Tamb\u00e9m: <a href=\"https:\/\/www.noticiasaominuto.com.br\/esporte\/2181236\/polemica-em-paris-com-duas-atletas-acusadas-de-serem-homens-perigoso\" target=\"_blank\" rel=\"noopener\">Pol\u00eamica em Paris com duas atletas acusadas de serem homens: &#8220;Perigoso&#8221;<\/a><\/p>\n<p>Fonte: noticiasaominuto.com.br<\/p>\n","protected":false},"excerpt":{"rendered":"<p>A pugilista argelina Imane Khelif afirmou que as alega\u00e7\u00f5es infundadas sobre seu g\u00eanero &#8220;prejudicam a<\/p>\n","protected":false},"author":0,"featured_media":21121,"comment_status":"open","ping_status":"open","sticky":false,"template":"","format":"standard","meta":{"footnotes":""},"categories":[4],"tags":[],"aioseo_notices":[],"_links":{"self":[{"href":"https:\/\/portalnewsgta.com.br\/index.php\/wp-json\/wp\/v2\/posts\/21120"}],"collection":[{"href":"https:\/\/portalnewsgta.com.br\/index.php\/wp-json\/wp\/v2\/posts"}],"about":[{"href":"https:\/\/portalnewsgta.com.br\/index.php\/wp-json\/wp\/v2\/types\/post"}],"replies":[{"embeddable":true,"href":"https:\/\/portalnewsgta.com.br\/index.php\/wp-json\/wp\/v2\/comments?post=21120"}],"version-history":[{"count":0,"href":"https:\/\/portalnewsgta.com.br\/index.php\/wp-json\/wp\/v2\/posts\/21120\/revisions"}],"wp:featuredmedia":[{"embeddable":true,"href":"https:\/\/portalnewsgta.com.br\/index.php\/wp-json\/wp\/v2\/media\/21121"}],"wp:attachment":[{"href":"https:\/\/portalnewsgta.com.br\/index.php\/wp-json\/wp\/v2\/media?parent=21120"}],"wp:term":[{"taxonomy":"category","embeddable":true,"href":"https:\/\/portalnewsgta.com.br\/index.php\/wp-json\/wp\/v2\/categories?post=21120"},{"taxonomy":"post_tag","embeddable":true,"href":"https:\/\/portalnewsgta.com.br\/index.php\/wp-json\/wp\/v2\/tags?post=21120"}],"curies":[{"name":"wp","href":"https:\/\/api.w.org\/{rel}","templated":true}]}}