{"id":21118,"date":"2024-08-05T05:47:15","date_gmt":"2024-08-05T08:47:15","guid":{"rendered":"https:\/\/portalnewsgta.com.br\/index.php\/2024\/08\/05\/ancelotti-chateado-com-bellingham-nao-me-atendeu-mas-o-vinicius-sim\/"},"modified":"2024-08-05T05:47:15","modified_gmt":"2024-08-05T08:47:15","slug":"ancelotti-chateado-com-bellingham-nao-me-atendeu-mas-o-vinicius-sim","status":"publish","type":"post","link":"https:\/\/portalnewsgta.com.br\/index.php\/2024\/08\/05\/ancelotti-chateado-com-bellingham-nao-me-atendeu-mas-o-vinicius-sim\/","title":{"rendered":"Ancelotti &quot;chateado&quot; com Bellingham: &quot;N\u00e3o me atendeu, mas o Vin\u00edcius sim&quot;"},"content":{"rendered":"<p>Carlo Ancelotti afirmou na madrugada de domingo para segunda-feira que n\u00e3o est\u00e1 preocupado por n\u00e3o poder contar com sete jogadores importantes na turn\u00ea que o Real Madrid est\u00e1 fazendo nos Estados Unidos.<\/p>\n<div class=\"dummyPub\">\u00a0<\/div>\n<p>Federico Valverde, Dani Carvajal, Aur\u00e9lien Tchouam\u00e9ni, Kylian Mbapp\u00e9, Eduardo Camavinga, Ferland Mendy e Jude Bellingham ainda est\u00e3o de f\u00e9rias prolongadas devido \u00e0 participa\u00e7\u00e3o no Campeonato Europeu. Quando perguntado especificamente sobre o jogador ingl\u00eas, Ancelotti respondeu com ironia.<\/p>\n<p>&#8220;Estamos em contato, mas, ontem, fiquei chateado com Bellingham porque ele n\u00e3o atendeu minha liga\u00e7\u00e3o&#8221;, disse o t\u00e9cnico italiano de 65 anos, entre risos, em declara\u00e7\u00f5es reproduzidas pelo jornal espanhol Marca.<\/p>\n<p>&#8220;Disse ao Vin\u00edcius J\u00fanior para ligar para ele, e ele atendeu na hora. Vin\u00edcius me passou o telefone e pude falar com Bellingham. Ent\u00e3o, cuidado&#8221;, acrescentou Ancelotti, antes do amistoso contra o Chelsea na Carolina do Norte.<\/p>\n<p>Leia Tamb\u00e9m: <a href=\"https:\/\/www.noticiasaominuto.com.br\/esporte\/2180264\/aos-65-anos-ancelotti-surpreende-com-habilidade-incrivel-na-bola\" target=\"_blank\" rel=\"noopener\">Aos 65 anos, Ancelotti surpreende com habilidade incr\u00edvel na bola<\/a><\/p>\n<p>Fonte: noticiasaominuto.com.br<\/p>\n","protected":false},"excerpt":{"rendered":"<p>Carlo Ancelotti afirmou na madrugada de domingo para segunda-feira que n\u00e3o est\u00e1 preocupado por n\u00e3o<\/p>\n","protected":false},"author":0,"featured_media":21119,"comment_status":"open","ping_status":"open","sticky":false,"template":"","format":"standard","meta":{"footnotes":""},"categories":[4],"tags":[],"aioseo_notices":[],"_links":{"self":[{"href":"https:\/\/portalnewsgta.com.br\/index.php\/wp-json\/wp\/v2\/posts\/21118"}],"collection":[{"href":"https:\/\/portalnewsgta.com.br\/index.php\/wp-json\/wp\/v2\/posts"}],"about":[{"href":"https:\/\/portalnewsgta.com.br\/index.php\/wp-json\/wp\/v2\/types\/post"}],"replies":[{"embeddable":true,"href":"https:\/\/portalnewsgta.com.br\/index.php\/wp-json\/wp\/v2\/comments?post=21118"}],"version-history":[{"count":0,"href":"https:\/\/portalnewsgta.com.br\/index.php\/wp-json\/wp\/v2\/posts\/21118\/revisions"}],"wp:featuredmedia":[{"embeddable":true,"href":"https:\/\/portalnewsgta.com.br\/index.php\/wp-json\/wp\/v2\/media\/21119"}],"wp:attachment":[{"href":"https:\/\/portalnewsgta.com.br\/index.php\/wp-json\/wp\/v2\/media?parent=21118"}],"wp:term":[{"taxonomy":"category","embeddable":true,"href":"https:\/\/portalnewsgta.com.br\/index.php\/wp-json\/wp\/v2\/categories?post=21118"},{"taxonomy":"post_tag","embeddable":true,"href":"https:\/\/portalnewsgta.com.br\/index.php\/wp-json\/wp\/v2\/tags?post=21118"}],"curies":[{"name":"wp","href":"https:\/\/api.w.org\/{rel}","templated":true}]}}