{"id":21089,"date":"2024-08-04T15:43:57","date_gmt":"2024-08-04T18:43:57","guid":{"rendered":"https:\/\/portalnewsgta.com.br\/index.php\/2024\/08\/04\/coi-diz-que-recebeu-testes-de-genero-de-pugilistas-mas-que-exames-nao-sao-legitimos\/"},"modified":"2024-08-04T15:43:57","modified_gmt":"2024-08-04T18:43:57","slug":"coi-diz-que-recebeu-testes-de-genero-de-pugilistas-mas-que-exames-nao-sao-legitimos","status":"publish","type":"post","link":"https:\/\/portalnewsgta.com.br\/index.php\/2024\/08\/04\/coi-diz-que-recebeu-testes-de-genero-de-pugilistas-mas-que-exames-nao-sao-legitimos\/","title":{"rendered":"COI diz que recebeu testes de g\u00eanero de pugilistas, mas que exames &#8216;n\u00e3o s\u00e3o leg\u00edtimos&#8217;"},"content":{"rendered":"<p>ANDR\u00c9 FONTENELLE<br \/>PARIS, FRAN\u00c7A (FOLHAPRESS) &#8211; O Comit\u00ea Ol\u00edmpico Internacional (COI) admitiu ter recebido em junho uma carta da Associa\u00e7\u00e3o Internacional de Boxe (IBA) contendo supostos resultados de testes de g\u00eanero das pugilistas Imane Khelif, da Arg\u00e9lia, e Lin Yu-ting, de Taiwan.<\/p>\n<div class=\"dummyPub\">\u00a0<\/div>\n<p>Acusadas de terem falhado nos testes, as duas est\u00e3o participando do torneio ol\u00edmpico de boxe, organizado pelo COI, apesar de terem sido exclu\u00eddas das competi\u00e7\u00f5es da IBA. A presen\u00e7a de ambas nos Jogos de Paris gerou uma controv\u00e9rsia mundial nas redes sociais -onde foram falsamente apontadas como n\u00e3o sendo mulheres.<\/p>\n<p>&#8220;Mesmo a forma como esse material foi compartilhado \u00e9 contra a \u00e9tica. S\u00e3o ataques graves aos direitos das mulheres envolvidas&#8221;, acrescentou Adams. &#8220;O m\u00e9todo, a ideia do teste, feito da noite para o dia, nada disso \u00e9 leg\u00edtimo nem merece resposta, muito menos em detalhe.&#8221;<\/p>\n<p>O COI se mant\u00e9m em firme defesa das duas pugilistas, reiterando que n\u00e3o s\u00e3o homens nem trans. O crit\u00e9rio usado para autoriz\u00e1-las a competir \u00e9 o g\u00eanero no passaporte.<\/p>\n<p>Khelif e Lin v\u00e3o subir ao p\u00f3dio. Est\u00e3o classificadas para as semifinais das categorias at\u00e9 66 kg e at\u00e9 57 kg, respectivamente. No boxe, os semifinalistas derrotados garantem a medalha de bronze, j\u00e1 que n\u00e3o h\u00e1 disputa do terceiro lugar.<\/p>\n<p>A rela\u00e7\u00e3o entre o COI e a IBA \u00e9 a pior poss\u00edvel. Em 2019, o comit\u00ea retirou da entidade pugil\u00edstica a organiza\u00e7\u00e3o do boxe ol\u00edmpico, alegando falta de credibilidade e de governan\u00e7a.<\/p>\n<p>Na sexta-feira (2), o presidente da IBA, o russo Umar Kremlev, ligado ao l\u00edder Vladimir Putin, publicou v\u00eddeo no YouTube dizendo que o presidente do COI, o alem\u00e3o Thomas Bach, &#8220;se borra nas cal\u00e7as&#8221; e que a cerim\u00f4nia de abertura dos Jogos apresentou &#8220;sodomia&#8221;.<\/p>\n<p><span class=\"news_bold\">O que diz a IBA<\/span><br \/>Em nota publicada em seu site na \u00faltima semana, a IBA reafirmou sua convic\u00e7\u00e3o de que as duas atletas deveriam estar proibidas de disputar lutas na categoria feminina. A entidade afirmou que elas foram testadas duas vezes, por dois laborat\u00f3rios independentes, em 2022 e em 2023. Diz que Yu-ting nem sequer recorreu da decis\u00e3o e que Khelif apresentou um apelo, mas depois desistiu do recurso. &#8220;A IBA nunca vai apoiar uma luta de boxe entre g\u00eaneros&#8221;, afirma anota.<\/p>\n<p>&#8220;N\u00f3s n\u00e3o entendemos por que qualquer organiza\u00e7\u00e3o colocaria uma boxeadora em risco com o que poderia trazer uma potencial les\u00e3o grave dentro do &#8216;campo de jogo&#8217;. O principal papel do \u00e1rbitro no ringue \u00e9 garantir a seguran\u00e7a do boxeador em todos os momentos. Como isso \u00e9 razoavelmente pratic\u00e1vel quando um boxeador n\u00e3o atende aos crit\u00e9rios de elegibilidade para competir?&#8221;, questiona a IBA.<\/p>\n<p>A ag\u00eancias internacionais, o presidente da IBA defendeu a decis\u00e3o da entidade. &#8220;Baseado em testes de DNA, n\u00f3s identificamos atletas que tentaram enganar seus colegas se passando por mulheres&#8221;, afirmou.<\/p>\n<p><span class=\"news_bold\">DESIST\u00caNCIA DA ITALIANA<\/span><br \/>A pol\u00eamica sobre g\u00eanero ressurgiu nestas Olimp\u00edadas ap\u00f3s a luta primeira luta de Khelif. Com poucos segundos de combate, a italiana Carini abandonou a disputa. &#8220;N\u00e3o podia continuar. Meu nariz do\u00eda muito e eu disse: &#8216;Parem&#8217;. Era melhor n\u00e3o continuar&#8221;, afirmou. &#8220;Poderia ter sido a luta da minha vida, mas naquele momento eu tamb\u00e9m tinha que proteger minha vida&#8221;.<\/p>\n<p>&#8220;Sempre lutei contra homens, treino com meu irm\u00e3o, mas hoje senti muita dor&#8221;, afirmou Carini sobre a pot\u00eancia dos golpes recebidos.<\/p>\n<p>Em entrevista \u00e0 imprensa italiana, dias depois, ela minimizou o caso. &#8220;Essa pol\u00eamica toda me entristece. Tamb\u00e9m sinto muito por minha advers\u00e1ria. Se o COI disse que ela podia lutar, respeito essa decis\u00e3o.&#8221;<br \/>Ao La Stampa, ela disse: &#8220;Se essa mo\u00e7a est\u00e1 aqui, h\u00e1 um motivo. Quem somos n\u00f3s para julgar? Somos atletas, e n\u00e3o ju\u00edzes.&#8221; Ela avaliou que errou ao deixar o ringue sem cumprimentar a advers\u00e1ria. &#8220;Sa\u00ed com raiva, me equivoquei.&#8221;<\/p>\n<p><span class=\"news_bold\">&#8220;S\u00c3O MENTIRAS&#8221;<\/span><br \/>No dia da luta, Khelif foi recebida no Paris Arena Norte com aplausos de muitos f\u00e3s da Arg\u00e9lia, que agitavam suas bandeiras nacionais.<\/p>\n<p>Horas antes, o Comit\u00ea Ol\u00edmpico Argelino (COA) saiu em defesa de sua boxeadora, garantindo que ela \u00e9 v\u00edtima de &#8220;mentiras&#8221; e &#8220;ataques anti\u00e9ticos&#8221;.<br \/>Em seu primeiro combate ap\u00f3s a desist\u00eancia da italiana, a lutadora se manifestou. &#8220;A pol\u00eamica me abalou psicologicamente, mas, ao mesmo tempo, me deu for\u00e7a para lutar&#8221;, disse Khelif aos jornalistas de idioma \u00e1rabe ap\u00f3s a luta.<\/p>\n<p>Fonte: noticiasaominuto.com.br<\/p>\n","protected":false},"excerpt":{"rendered":"<p>ANDR\u00c9 FONTENELLEPARIS, FRAN\u00c7A (FOLHAPRESS) &#8211; O Comit\u00ea Ol\u00edmpico Internacional (COI) admitiu ter recebido em junho<\/p>\n","protected":false},"author":0,"featured_media":21090,"comment_status":"open","ping_status":"open","sticky":false,"template":"","format":"standard","meta":{"footnotes":""},"categories":[4],"tags":[],"aioseo_notices":[],"_links":{"self":[{"href":"https:\/\/portalnewsgta.com.br\/index.php\/wp-json\/wp\/v2\/posts\/21089"}],"collection":[{"href":"https:\/\/portalnewsgta.com.br\/index.php\/wp-json\/wp\/v2\/posts"}],"about":[{"href":"https:\/\/portalnewsgta.com.br\/index.php\/wp-json\/wp\/v2\/types\/post"}],"replies":[{"embeddable":true,"href":"https:\/\/portalnewsgta.com.br\/index.php\/wp-json\/wp\/v2\/comments?post=21089"}],"version-history":[{"count":0,"href":"https:\/\/portalnewsgta.com.br\/index.php\/wp-json\/wp\/v2\/posts\/21089\/revisions"}],"wp:featuredmedia":[{"embeddable":true,"href":"https:\/\/portalnewsgta.com.br\/index.php\/wp-json\/wp\/v2\/media\/21090"}],"wp:attachment":[{"href":"https:\/\/portalnewsgta.com.br\/index.php\/wp-json\/wp\/v2\/media?parent=21089"}],"wp:term":[{"taxonomy":"category","embeddable":true,"href":"https:\/\/portalnewsgta.com.br\/index.php\/wp-json\/wp\/v2\/categories?post=21089"},{"taxonomy":"post_tag","embeddable":true,"href":"https:\/\/portalnewsgta.com.br\/index.php\/wp-json\/wp\/v2\/tags?post=21089"}],"curies":[{"name":"wp","href":"https:\/\/api.w.org\/{rel}","templated":true}]}}