{"id":19217,"date":"2024-07-20T14:03:49","date_gmt":"2024-07-20T17:03:49","guid":{"rendered":"https:\/\/portalnewsgta.com.br\/index.php\/2024\/07\/20\/bombeiros-abrem-processo-seletivo-para-contratacao-de-brigadistas-que-vao-reforcar-combate-aos-incendios-florestais\/"},"modified":"2024-07-20T14:03:49","modified_gmt":"2024-07-20T17:03:49","slug":"bombeiros-abrem-processo-seletivo-para-contratacao-de-brigadistas-que-vao-reforcar-combate-aos-incendios-florestais","status":"publish","type":"post","link":"https:\/\/portalnewsgta.com.br\/index.php\/2024\/07\/20\/bombeiros-abrem-processo-seletivo-para-contratacao-de-brigadistas-que-vao-reforcar-combate-aos-incendios-florestais\/","title":{"rendered":"Bombeiros abrem processo seletivo para contrata\u00e7\u00e3o de brigadistas que v\u00e3o refor\u00e7ar combate aos inc\u00eandios florestais"},"content":{"rendered":"<div>\n<div id=\"infocoweb\" data-uuid=\"9827ed50-b2a8-44f8-9a48-06b49fe8b473\" class=\"infocoweb infocoweb_canal_61\">\n<div id=\"infocoweb_cabecalho\" class=\"infocoweb_cabecalho\"><\/div>\n<div id=\"infocoweb_corpo\" class=\"infocoweb_corpo\"><span class=\"ifn_post_add_feature_image_to_the_top\"><\/span><\/p>\n<p dir=\"ltr\" style=\"text-align: justify\">O Corpo de Bombeiros Militar de Mato Grosso (CBMMT) publicou, nesta sexta-feira (19.07), o edital do processo seletivo para a contrata\u00e7\u00e3o de 150 brigadistas florestais tempor\u00e1rios para refor\u00e7ar as a\u00e7\u00f5es de combate aos inc\u00eandios florestais no Estado. As inscri\u00e7\u00f5es se iniciam na segunda-feira (22.07) e s\u00e3o gratuitas. <\/p>\n<p> A remunera\u00e7\u00e3o bruta mensal ser\u00e1 de R$ 2,4 mil. A jornada de trabalho ser\u00e1 de 44 horas semanais, no regime de plant\u00e3o de 12 horas, seguido de 36 horas de descanso. O contrato ser\u00e1 de tr\u00eas meses, podendo ser prorrogado por igual per\u00edodo.<\/p>\n<p> De acordo com o comandante-geral do Corpo de Bombeiros, coronel BM Fl\u00e1vio Gl\u00eadson Vieira Bezerra, a contrata\u00e7\u00e3o de brigadistas \u00e9 mais uma medida do Governo do Estado para preven\u00e7\u00e3o e combate aos inc\u00eandios florestais nesse per\u00edodo de seca extrema, a exemplo da contrata\u00e7\u00e3o de aeronaves para combate direto \u00e0s chamas e constru\u00e7\u00e3o de aceiros para evitar a propaga\u00e7\u00e3o do fogo<\/p>\n<p> \u201cA contrata\u00e7\u00e3o \u00e9 importante, porque o aumento no efetivo em campo refor\u00e7a operacionalmente a atividade dos militares, auxiliando-os em algumas fun\u00e7\u00f5es acess\u00f3rias durante o combate ao fogo, como manuten\u00e7\u00e3o de equipamentos ou, at\u00e9 mesmo, condu\u00e7\u00e3o de viaturas. Assim, conseguimos usar nossa tropa para a\u00e7\u00f5es mais complexas e estrat\u00e9gicas, um combate mais especializado\u201d, explicou.<\/p>\n<p> O refor\u00e7o operacional com a contrata\u00e7\u00e3o de brigadistas \u00e9 mais uma medida do Governo do Estado para preven\u00e7\u00e3o e combate aos inc\u00eandios florestais nesse per\u00edodo de seca extrema, a exemplo da contrata\u00e7\u00e3o de aeronaves para combate direto \u00e0s chamas e constru\u00e7\u00e3o de aceiros para evitar a propaga\u00e7\u00e3o do fogo.<\/p>\n<p> A sele\u00e7\u00e3o para o cargo de brigadista se dar\u00e1 atrav\u00e9s de an\u00e1lise curricular, de car\u00e1ter eliminat\u00f3rio e classificat\u00f3rio. Al\u00e9m disso, ser\u00e3o realizados testes espec\u00edficos, como Teste de Aptid\u00e3o F\u00edsica e Teste de Habilidades na Utiliza\u00e7\u00e3o de Ferramentas Agr\u00edcolas, ambos tamb\u00e9m de car\u00e1ter eliminat\u00f3rio e classificat\u00f3rio.<\/p>\n<p> Os brigadistas ser\u00e3o destinados para atender os munic\u00edpios de Cuiab\u00e1, Pocon\u00e9, Santo Ant\u00f4nio de Leverger, V\u00e1rzea Grande, Rondon\u00f3polis, Alto Paraguai, Feliz Natal, Nova Maring\u00e1, Nova Ubirat\u00e3, Uni\u00e3o do Sul, Barra do Gar\u00e7as, \u00c1gua Boa, C\u00e1ceres, Mirassol D\u2019Oeste, Pontes e Lacerda, Porto Esperidi\u00e3o, Vila Bela da Sant\u00edssima Trindade, Aripuan\u00e3, Colniza, Juara, Ju\u00edna, Nova Bandeiras e Guarant\u00e3 do Norte.<\/p>\n<p> \u201cOs brigadistas v\u00eam nesse refor\u00e7o operacional para que possamos n\u00e3o s\u00f3 aumentar o n\u00famero de pessoas dedicadas ao combate ao fogo, mas tamb\u00e9m por uma quest\u00e3o de melhor aproveitamento t\u00e9cnico dos nossos bombeiros militares\u201d, refor\u00e7ou o diretor-adjunto da Diretoria de Gest\u00e3o de Pessoas, tenente-coronel BM Danilo Cavalcante Coelho.<\/p>\n<p> As inscri\u00e7\u00f5es para o processo seletivo s\u00e3o gratuitas e podem ser feitas at\u00e9 o dia 26 de julho, presencialmente, nas unidades do CBMMT e demais \u00f3rg\u00e3os conforme rela\u00e7\u00e3o no edital. <\/p>\n<p> J\u00e1 o resultado final do processo seletivo e a convoca\u00e7\u00e3o para assinatura dos contratos ser\u00e1 em 15 de agosto.<\/p>\n<p dir=\"ltr\" style=\"text-align: justify\">O edital completo pode ser acessado na segunda edi\u00e7\u00e3o extra do Di\u00e1rio Oficial desta sexta-feira, clicando aqui.<\/p>\n<p id=\"infocoweb_fonte\" class=\"infocoweb_fonte\">Fonte: Governo MT \u2013 MT<\/p>\n<style>#infocoweb_cabecalho {\n        display: inline-block;\n        margin-top: -75px;\n        position: absolute;\n        right: 0;\n    }\n<\/style>\n<style><\/style>\n<\/div>\n<div id=\"infocoweb_rodape\" class=\"infocoweb_rodape\"><\/div>\n<\/div>\n<p>O post Bombeiros abrem processo seletivo para contrata\u00e7\u00e3o de brigadistas que v\u00e3o refor\u00e7ar combate aos inc\u00eandios florestais apareceu primeiro em Portal MT.<\/p>\n<\/div>\n","protected":false},"excerpt":{"rendered":"<p>O Corpo de Bombeiros Militar de Mato Grosso (CBMMT) publicou, nesta sexta-feira (19.07), o edital<\/p>\n","protected":false},"author":2,"featured_media":19218,"comment_status":"registered_only","ping_status":"closed","sticky":false,"template":"","format":"standard","meta":{"footnotes":""},"categories":[7],"tags":[],"aioseo_notices":[],"_links":{"self":[{"href":"https:\/\/portalnewsgta.com.br\/index.php\/wp-json\/wp\/v2\/posts\/19217"}],"collection":[{"href":"https:\/\/portalnewsgta.com.br\/index.php\/wp-json\/wp\/v2\/posts"}],"about":[{"href":"https:\/\/portalnewsgta.com.br\/index.php\/wp-json\/wp\/v2\/types\/post"}],"author":[{"embeddable":true,"href":"https:\/\/portalnewsgta.com.br\/index.php\/wp-json\/wp\/v2\/users\/2"}],"replies":[{"embeddable":true,"href":"https:\/\/portalnewsgta.com.br\/index.php\/wp-json\/wp\/v2\/comments?post=19217"}],"version-history":[{"count":0,"href":"https:\/\/portalnewsgta.com.br\/index.php\/wp-json\/wp\/v2\/posts\/19217\/revisions"}],"wp:featuredmedia":[{"embeddable":true,"href":"https:\/\/portalnewsgta.com.br\/index.php\/wp-json\/wp\/v2\/media\/19218"}],"wp:attachment":[{"href":"https:\/\/portalnewsgta.com.br\/index.php\/wp-json\/wp\/v2\/media?parent=19217"}],"wp:term":[{"taxonomy":"category","embeddable":true,"href":"https:\/\/portalnewsgta.com.br\/index.php\/wp-json\/wp\/v2\/categories?post=19217"},{"taxonomy":"post_tag","embeddable":true,"href":"https:\/\/portalnewsgta.com.br\/index.php\/wp-json\/wp\/v2\/tags?post=19217"}],"curies":[{"name":"wp","href":"https:\/\/api.w.org\/{rel}","templated":true}]}}