{"id":19185,"date":"2024-07-20T11:00:26","date_gmt":"2024-07-20T14:00:26","guid":{"rendered":"https:\/\/portalnewsgta.com.br\/index.php\/2024\/07\/20\/policia-civil-cumpre-prisoes-de-tres-envolvidos-em-sequestro-e-morte-de-adolescente-que-desapareceu-em-2023\/"},"modified":"2024-07-20T11:00:26","modified_gmt":"2024-07-20T14:00:26","slug":"policia-civil-cumpre-prisoes-de-tres-envolvidos-em-sequestro-e-morte-de-adolescente-que-desapareceu-em-2023","status":"publish","type":"post","link":"https:\/\/portalnewsgta.com.br\/index.php\/2024\/07\/20\/policia-civil-cumpre-prisoes-de-tres-envolvidos-em-sequestro-e-morte-de-adolescente-que-desapareceu-em-2023\/","title":{"rendered":"Pol\u00edcia Civil cumpre pris\u00f5es de tr\u00eas envolvidos em sequestro e morte de adolescente que desapareceu em 2023"},"content":{"rendered":"<div>\n<div id=\"infocoweb\" data-uuid=\"8615208b-d111-4dfe-bdb5-b06c1dcad961\" class=\"infocoweb infocoweb_canal_42\">\n<div id=\"infocoweb_cabecalho\" class=\"infocoweb_cabecalho\"><\/div>\n<div id=\"infocoweb_corpo\" class=\"infocoweb_corpo\"><span class=\"ifn_post_add_feature_image_to_the_top\"><\/span><\/p>\n<div style=\"text-align: justify\">Policiais da Delegacia de Primavera do Leste cumpriram nesta semana tr\u00eas mandados de pris\u00e3o contra os respons\u00e1veis pelo sequestro e assassinato de um adolescente, no final do ano passado, cujo corpo n\u00e3o foi localizado at\u00e9 hoje. <\/p>\n<p> Os tr\u00eas criminosos, que j\u00e1 estavam detidos por outros delitos, s\u00e3o investigados pelo sequestro, c\u00e1rcere privado e homic\u00eddio qualificado da jovem Ma\u00edza Aparecida Souza Santos, de 14 anos, que sumiu em novembro do ano passado. <\/p>\n<p> O namorado da v\u00edtima procurou a Delegacia de Primavera e relatou que sua namorada havia lhe pedido que a levasse at\u00e9 uma avenida na regi\u00e3o comercial da cidade para se encontrar com uma pessoa. Chegando ao local, a v\u00edtima desceu do ve\u00edculo do namorado e entrou em um HB20 branco, que saiu rapidamente do local. Depois disso, ela n\u00e3o atendeu mais ao celular e nem fez contato com o namorado e familiares, que moram em Barra do Gar\u00e7as. Na ocasi\u00e3o, o namorado de Ma\u00edza chegou a seguir o HB20, mas acabou perdendo o carro de vista. <\/p>\n<p> A jovem j\u00e1 havia sofrido uma tentativa de homic\u00eddio em 2022, quando foi atingida por sete disparos.<\/p>\n<p> <strong>Investiga\u00e7\u00e3o <\/strong><\/p>\n<p> Inicialmente apurada como desaparecimento, a investiga\u00e7\u00e3o constatou que Ma\u00edza foi v\u00edtima do que ficou popularmente conhecido como \u201ctribunal do crime\u201d, por acreditarem que ela integrava uma fac\u00e7\u00e3o rival. <\/p>\n<p> A partir das caracter\u00edsticas do ve\u00edculo, as dilig\u00eancias investigativas realizadas pela Divis\u00e3o de Homic\u00eddios chegaram \u00e0 identifica\u00e7\u00e3o do ve\u00edculo e da pessoa que estava na dire\u00e7\u00e3o do HB20, al\u00e9m de outras duas pessoas que chegaram ao local e conversaram com o motorista antes dele sair com o carro levando a adolescente. <\/p>\n<p> No decorrer da investiga\u00e7\u00e3o, a Pol\u00edcia Civil recebeu informa\u00e7\u00f5es de que a v\u00edtima teria sido sequestrada por integrantes de uma fac\u00e7\u00e3o criminosa, levada at\u00e9 uma regi\u00e3o de canoagem no Rio das Mortes, onde foi torturada e morta. <\/p>\n<p> Os policiais civis apuraram que L.S.B., de 27 anos, foi o respons\u00e1vel por atrair a v\u00edtima at\u00e9 o ponto onde a levou no HB20. Ap\u00f3s sair com ela, ele seguiu at\u00e9 o Rio das Mortes, onde a garota foi morta e enterrada. Na sequ\u00eancia, ficou com o celular da v\u00edtima at\u00e9 o in\u00edcio do m\u00eas de dezembro. <\/p>\n<p> J.V.A.D.S., de 19 anos e W.Y.V.S., de 26 anos, foram identificados como os outros dois envolvidos na execu\u00e7\u00e3o da adolescente. Um deles estava no regime semiaberto, com tornozeleira, mas o equipamento estava inoperante desde agosto de 2023. Ele \u00e9 investigado ainda por participa\u00e7\u00e3o em outro homic\u00eddio ocorrido em fevereiro deste ano.<\/p>\n<\/div>\n<p id=\"infocoweb_fonte\" class=\"infocoweb_fonte\">Fonte: Policia Civil MT \u2013 MT<\/p>\n<style>#infocoweb_cabecalho {\n        display: inline-block;\n        margin-top: -75px;\n        position: absolute;\n        right: 0;\n    }\n<\/style>\n<style><\/style>\n<\/div>\n<div id=\"infocoweb_rodape\" class=\"infocoweb_rodape\"><\/div>\n<\/div>\n<p>O post Pol\u00edcia Civil cumpre pris\u00f5es de tr\u00eas envolvidos em sequestro e morte de adolescente que desapareceu em 2023 apareceu primeiro em Portal MT.<\/p>\n<\/div>\n","protected":false},"excerpt":{"rendered":"<p>Policiais da Delegacia de Primavera do Leste cumpriram nesta semana tr\u00eas mandados de pris\u00e3o contra<\/p>\n","protected":false},"author":2,"featured_media":19186,"comment_status":"registered_only","ping_status":"closed","sticky":false,"template":"","format":"standard","meta":{"footnotes":""},"categories":[8],"tags":[],"aioseo_notices":[],"_links":{"self":[{"href":"https:\/\/portalnewsgta.com.br\/index.php\/wp-json\/wp\/v2\/posts\/19185"}],"collection":[{"href":"https:\/\/portalnewsgta.com.br\/index.php\/wp-json\/wp\/v2\/posts"}],"about":[{"href":"https:\/\/portalnewsgta.com.br\/index.php\/wp-json\/wp\/v2\/types\/post"}],"author":[{"embeddable":true,"href":"https:\/\/portalnewsgta.com.br\/index.php\/wp-json\/wp\/v2\/users\/2"}],"replies":[{"embeddable":true,"href":"https:\/\/portalnewsgta.com.br\/index.php\/wp-json\/wp\/v2\/comments?post=19185"}],"version-history":[{"count":0,"href":"https:\/\/portalnewsgta.com.br\/index.php\/wp-json\/wp\/v2\/posts\/19185\/revisions"}],"wp:featuredmedia":[{"embeddable":true,"href":"https:\/\/portalnewsgta.com.br\/index.php\/wp-json\/wp\/v2\/media\/19186"}],"wp:attachment":[{"href":"https:\/\/portalnewsgta.com.br\/index.php\/wp-json\/wp\/v2\/media?parent=19185"}],"wp:term":[{"taxonomy":"category","embeddable":true,"href":"https:\/\/portalnewsgta.com.br\/index.php\/wp-json\/wp\/v2\/categories?post=19185"},{"taxonomy":"post_tag","embeddable":true,"href":"https:\/\/portalnewsgta.com.br\/index.php\/wp-json\/wp\/v2\/tags?post=19185"}],"curies":[{"name":"wp","href":"https:\/\/api.w.org\/{rel}","templated":true}]}}