{"id":19173,"date":"2024-07-20T09:44:01","date_gmt":"2024-07-20T12:44:01","guid":{"rendered":"https:\/\/portalnewsgta.com.br\/index.php\/2024\/07\/20\/flamengo-pega-criciuma-em-brasilia-de-olho-na-reabilitacao-para-seguir-na-briga-pela-lideranca\/"},"modified":"2024-07-20T09:44:01","modified_gmt":"2024-07-20T12:44:01","slug":"flamengo-pega-criciuma-em-brasilia-de-olho-na-reabilitacao-para-seguir-na-briga-pela-lideranca","status":"publish","type":"post","link":"https:\/\/portalnewsgta.com.br\/index.php\/2024\/07\/20\/flamengo-pega-criciuma-em-brasilia-de-olho-na-reabilitacao-para-seguir-na-briga-pela-lideranca\/","title":{"rendered":"Flamengo pega Crici\u00fama em Bras\u00edlia de olho na reabilita\u00e7\u00e3o para seguir na briga pela lideran\u00e7a"},"content":{"rendered":"<p>Sem vencer h\u00e1 dois jogos, o Flamengo precisa da reabilita\u00e7\u00e3o para n\u00e3o ficar muito atr\u00e1s da briga pela lideran\u00e7a e at\u00e9 n\u00e3o perder uma vaga no G-4 do Brasileir\u00e3o. Com estes objetivos entra em campo neste s\u00e1bado, \u00e0s 16h, diante do Crici\u00fama, no est\u00e1dio Man\u00e9 Garrincha, em Bras\u00edlia (DF), porque o gramado do Maracan\u00e3, no Rio, passa por reforma.<\/p>\n<div class=\"dummyPub\">\u00a0<\/div>\n<p>O Flamengo aparece na terceira coloca\u00e7\u00e3o na tabela com 31 pontos, por\u00e9m, com um jogo a menos do que os l\u00edderes. Est\u00e1 cinco atr\u00e1s do l\u00edder Botafogo, que tem 36, e dois atr\u00e1s do Palmeiras, segundo colocado com 33. Mas nos \u00faltimos jogos se deu mal no Maracan\u00e3, ao empatar com o Cuiab\u00e1 (1 a 1) e perder para o Fortaleza (2 a 1).<\/p>\n<p>O t\u00e9cnico Tite, enfim, poder\u00e1 ter praticamente todo o elenco \u00e0 disposi\u00e7\u00e3o para armar o time considerado ideal. Os uruguaios Arrascaeta, De la Cruz, Vi\u00f1a e Varela retornaram ap\u00f3s defenderem seu pa\u00eds na Copa Am\u00e9rica e est\u00e3o aptos para jogar.<\/p>\n<p>Os dois meio-campistas, inclusive, ser\u00e3o titulares ao lado de Erick Pulgar e Gerson, no &#8216;quadrado m\u00e1gico&#8217; rubro-negro. Os dois laterais seguir\u00e3o como op\u00e7\u00f5es no banco de reservas, j\u00e1 que Tite deve manter Ayrton Lucas, na esquerda, e Wesley, na direita, como titulares.<\/p>\n<p>Everton Cebolinha se recuperou de uma les\u00e3o no quadril e tem tudo para come\u00e7ar jogando na vaga de Bruno Henrique, fora por uma entorse no tornozelo direito. O volante Allan, suspenso ap\u00f3s receber o terceiro cart\u00e3o amarelo, \u00e9 baixa.<\/p>\n<p>Gabigol deve ser op\u00e7\u00e3o no banco porque a Corte Arbitral do Esporte &#8211; CAS &#8211; oficializou nesta sexta-feira a anula\u00e7\u00e3o parcial do processo, com isso manteve o efeito suspensivo do atleta. A defesa alega que o atleta n\u00e3o poderia ser penalizado pela falta de um julgamento final.<\/p>\n<p>O Crici\u00fama tamb\u00e9m vive um jejum de vit\u00f3rias, mas est\u00e1 na parte debaixo da tabela. Sem vencer h\u00e1 tr\u00eas jogos, \u00e9 o 14\u00ba colocado com 17 pontos e est\u00e1 dois na frente do Corinthians, primeiro dentro da zona de rebaixamento. Na rodada passada, inclusive, perdeu para o pr\u00f3prio time paulista por 2 a 1.<\/p>\n<p>O t\u00e9cnico Claudio Tencati ser\u00e1 obrigado a fazer mudan\u00e7as. O meia Matheusinho, artilheiro do time com cinco gols, sofreu uma les\u00e3o na musculatura da posterior da coxa direita e \u00e9 desfalque. Tanto que j\u00e1 voltou para Crici\u00fama para tratar a les\u00e3o.<\/p>\n<p>Por outro lado, o lateral-direito Jonathan foi liberado pelos m\u00e9dicos ap\u00f3s se recuperar de uma les\u00e3o na coxa e encontrou os demais companheiros em Bras\u00edlia. De qualquer forma, ele deve ser op\u00e7\u00e3o para o segundo tempo.<\/p>\n<p>A tend\u00eancia \u00e9 que Marcelo Hermes seja deslocado para o meio-campo, fazendo dupla no lado esquerdo com Trauco. No ataque sempre fica a d\u00favida pela presen\u00e7a de Bolasie ou Arthur Ca\u00edke.<\/p>\n<p>\u00a0<\/p>\n<p>Leia Tamb\u00e9m: <a href=\"https:\/\/www.noticiasaominuto.com.br\/esporte\/2176400\/mbappe-herda-camisa-9-do-real-madrid-lembra-se-dos-antecessores\" target=\"_blank\" rel=\"noopener\">Mbapp\u00e9 herda camisa 9 do Real Madrid. Lembra-se dos antecessores? <\/a><\/p>\n<p>Fonte: noticiasaominuto.com.br<\/p>\n","protected":false},"excerpt":{"rendered":"<p>Sem vencer h\u00e1 dois jogos, o Flamengo precisa da reabilita\u00e7\u00e3o para n\u00e3o ficar muito atr\u00e1s<\/p>\n","protected":false},"author":0,"featured_media":19174,"comment_status":"open","ping_status":"open","sticky":false,"template":"","format":"standard","meta":{"footnotes":""},"categories":[4],"tags":[],"aioseo_notices":[],"_links":{"self":[{"href":"https:\/\/portalnewsgta.com.br\/index.php\/wp-json\/wp\/v2\/posts\/19173"}],"collection":[{"href":"https:\/\/portalnewsgta.com.br\/index.php\/wp-json\/wp\/v2\/posts"}],"about":[{"href":"https:\/\/portalnewsgta.com.br\/index.php\/wp-json\/wp\/v2\/types\/post"}],"replies":[{"embeddable":true,"href":"https:\/\/portalnewsgta.com.br\/index.php\/wp-json\/wp\/v2\/comments?post=19173"}],"version-history":[{"count":0,"href":"https:\/\/portalnewsgta.com.br\/index.php\/wp-json\/wp\/v2\/posts\/19173\/revisions"}],"wp:featuredmedia":[{"embeddable":true,"href":"https:\/\/portalnewsgta.com.br\/index.php\/wp-json\/wp\/v2\/media\/19174"}],"wp:attachment":[{"href":"https:\/\/portalnewsgta.com.br\/index.php\/wp-json\/wp\/v2\/media?parent=19173"}],"wp:term":[{"taxonomy":"category","embeddable":true,"href":"https:\/\/portalnewsgta.com.br\/index.php\/wp-json\/wp\/v2\/categories?post=19173"},{"taxonomy":"post_tag","embeddable":true,"href":"https:\/\/portalnewsgta.com.br\/index.php\/wp-json\/wp\/v2\/tags?post=19173"}],"curies":[{"name":"wp","href":"https:\/\/api.w.org\/{rel}","templated":true}]}}