{"id":18848,"date":"2024-07-18T09:43:10","date_gmt":"2024-07-18T12:43:10","guid":{"rendered":"https:\/\/portalnewsgta.com.br\/index.php\/2024\/07\/18\/valesca-popozuda-diz-que-fez-procedimento-estetico-que-nao-deu-certo\/"},"modified":"2024-07-18T09:43:10","modified_gmt":"2024-07-18T12:43:10","slug":"valesca-popozuda-diz-que-fez-procedimento-estetico-que-nao-deu-certo","status":"publish","type":"post","link":"https:\/\/portalnewsgta.com.br\/index.php\/2024\/07\/18\/valesca-popozuda-diz-que-fez-procedimento-estetico-que-nao-deu-certo\/","title":{"rendered":"Valesca Popozuda diz que fez procedimento est\u00e9tico que n\u00e3o deu certo"},"content":{"rendered":"<p>S\u00c3O PAULO, SP (UOL\/FOLHAPRESS) &#8211; Valesca Popozuda desabafou sobre a press\u00e3o est\u00e9tica que sofreu ao longo dos anos e contou que fez procedimento est\u00e9tico que deu errado.<\/p>\n<div class=\"dummyPub\">\u00a0<\/div>\n<p>A artista diz que chegou a ficar sem comer para emagrecer e que sofria em busca do corpo ideal. &#8220;Sofria muito com a busca de uma perfei\u00e7\u00e3o, para estar dentro do &#8216;padr\u00e3o&#8217;. Naquela \u00e9poca, por ser desejada, eu tinha que estar bem. No carnaval, tinha que ter corp\u00e3o sarad\u00e3o, barriga zero, sem gordura nenhuma, passar fome, porque eu tinha que estar bem. N\u00e3o podia ter nenhuma celulite. Ficava preocupada com o que a c\u00e2mera ia mostrar&#8221;, disse em entrevista ao Extra.<\/p>\n<p>A cantora chegou a fazer um procedimento que n\u00e3o deu certo e quase perdeu a perna na opera\u00e7\u00e3o. &#8220;Como tinha perna saradona, resolvi fazer uma hidrolipo na regi\u00e3o. Eu quase fiquei sem perna. Fiquei um ano escondendo, porque fiquei com hematomas por causa da necrose. Amava minhas pernas. Imagina o sofrimento de viver escondendo&#8221;.<\/p>\n<p>Valesca aprendeu a aceitar e amar seu corpo ap\u00f3s o ocorrido. &#8220;Com o tempo, fui entendendo que n\u00e3o precisava me adequar a um padr\u00e3o. Sou uma mulher de carne e osso. Tenho amor-pr\u00f3prio. J\u00e1 tem tempo que n\u00e3o sofro mais com isso. Quero ser feliz&#8221;.<\/p>\n<p>Leia Tamb\u00e9m: <a href=\"https:\/\/www.noticiasaominuto.com.br\/fama\/2175244\/eder-militao-e-detonado-apos-pedido-de-guarda-da-filha-com-karol-lima\" target=\"_blank\" rel=\"noopener\">\u00c9der Milit\u00e3o \u00e9 detonado ap\u00f3s pedido de guarda da filha com Karol Lima<\/a><\/p>\n<p>Fonte: noticiasaominuto.com.br<\/p>\n","protected":false},"excerpt":{"rendered":"<p>S\u00c3O PAULO, SP (UOL\/FOLHAPRESS) &#8211; Valesca Popozuda desabafou sobre a press\u00e3o est\u00e9tica que sofreu ao<\/p>\n","protected":false},"author":0,"featured_media":18849,"comment_status":"open","ping_status":"open","sticky":false,"template":"","format":"standard","meta":{"footnotes":""},"categories":[6],"tags":[],"aioseo_notices":[],"_links":{"self":[{"href":"https:\/\/portalnewsgta.com.br\/index.php\/wp-json\/wp\/v2\/posts\/18848"}],"collection":[{"href":"https:\/\/portalnewsgta.com.br\/index.php\/wp-json\/wp\/v2\/posts"}],"about":[{"href":"https:\/\/portalnewsgta.com.br\/index.php\/wp-json\/wp\/v2\/types\/post"}],"replies":[{"embeddable":true,"href":"https:\/\/portalnewsgta.com.br\/index.php\/wp-json\/wp\/v2\/comments?post=18848"}],"version-history":[{"count":0,"href":"https:\/\/portalnewsgta.com.br\/index.php\/wp-json\/wp\/v2\/posts\/18848\/revisions"}],"wp:featuredmedia":[{"embeddable":true,"href":"https:\/\/portalnewsgta.com.br\/index.php\/wp-json\/wp\/v2\/media\/18849"}],"wp:attachment":[{"href":"https:\/\/portalnewsgta.com.br\/index.php\/wp-json\/wp\/v2\/media?parent=18848"}],"wp:term":[{"taxonomy":"category","embeddable":true,"href":"https:\/\/portalnewsgta.com.br\/index.php\/wp-json\/wp\/v2\/categories?post=18848"},{"taxonomy":"post_tag","embeddable":true,"href":"https:\/\/portalnewsgta.com.br\/index.php\/wp-json\/wp\/v2\/tags?post=18848"}],"curies":[{"name":"wp","href":"https:\/\/api.w.org\/{rel}","templated":true}]}}