{"id":18795,"date":"2024-07-18T07:48:09","date_gmt":"2024-07-18T10:48:09","guid":{"rendered":"https:\/\/portalnewsgta.com.br\/?p=18795"},"modified":"2024-07-18T07:48:09","modified_gmt":"2024-07-18T10:48:09","slug":"policia-inicia-projeto-em-mt-para-limpar-pichacoes-alusivas-a-faccao-usando-mao-de-obra-de-reeducandos","status":"publish","type":"post","link":"https:\/\/portalnewsgta.com.br\/index.php\/2024\/07\/18\/policia-inicia-projeto-em-mt-para-limpar-pichacoes-alusivas-a-faccao-usando-mao-de-obra-de-reeducandos\/","title":{"rendered":"Pol\u00edcia inicia projeto em MT para limpar picha\u00e7\u00f5es alusivas a fac\u00e7\u00e3o usando m\u00e3o de obra de reeducandos"},"content":{"rendered":"<p>Come\u00e7ou hoje no munic\u00edpio de C\u00e1ceres (225 km a oeste de Cuiab\u00e1) as a\u00e7\u00f5es do projeto \u201cPicha\u00e7\u00e3o Zero\u201d, desenvolvido pela Pol\u00edcia Civil, em parceria com a Pol\u00edcia Militar, com objetivo de limpar as picha\u00e7\u00f5es feitas por integrantes de organiza\u00e7\u00f5es criminosas. Conforme as for\u00e7as de seguran\u00e7a, o projeto surgiu ap\u00f3s o crescente n\u00famero de picha\u00e7\u00f5es com iniciais de fac\u00e7\u00f5es. Para solucionar essa situa\u00e7\u00e3o ser\u00e1 utilizada a m\u00e3o de obra dos pr\u00f3prios reeducandos detidos na Cadeia P\u00fablica local.<\/p>\n<p>Idealizado pela Delegacia Regional C\u00e1ceres e pelo 6\u00ba Batalh\u00e3o de Pol\u00edcia Militar, o trabalho foi apresentado ao Poder Judici\u00e1rio com pedido de autoriza\u00e7\u00e3o para que os pr\u00f3prios faccionados que est\u00e3o sob a cust\u00f3dia do Estado em regime fechado apagassem as picha\u00e7\u00f5es.<\/p>\n<p>Diante do deferimento expedido pelo ju\u00edzo da 1\u00aa Vara da Comarca de C\u00e1ceres, os apenados faccionados iniciaram as pinturas para apagar as pr\u00f3prias picha\u00e7\u00f5es feitas nos muros da cidade.<\/p>\n<p>\u201cO respectivo projeto, de certa forma, ajudar\u00e1 n\u00e3o s\u00f3 a diminuir a viol\u00eancia e demarca\u00e7\u00e3o de territ\u00f3rios, como tamb\u00e9m no combate aos conflitos de fac\u00e7\u00f5es, al\u00e9m ainda de proporcionar a ressocializa\u00e7\u00e3o dos reeducandos por meio do trabalho externo\u201d, destacou o delegado Regional de C\u00e1ceres, Higo Rafael Ferreira de Oliveira, atrav\u00e9s da assessoria.<\/p>\n","protected":false},"excerpt":{"rendered":"<p>Come\u00e7ou hoje no munic\u00edpio de C\u00e1ceres (225 km a oeste de Cuiab\u00e1) as a\u00e7\u00f5es do<\/p>\n","protected":false},"author":2,"featured_media":18796,"comment_status":"open","ping_status":"open","sticky":false,"template":"","format":"standard","meta":{"footnotes":""},"categories":[13,8],"tags":[],"aioseo_notices":[],"_links":{"self":[{"href":"https:\/\/portalnewsgta.com.br\/index.php\/wp-json\/wp\/v2\/posts\/18795"}],"collection":[{"href":"https:\/\/portalnewsgta.com.br\/index.php\/wp-json\/wp\/v2\/posts"}],"about":[{"href":"https:\/\/portalnewsgta.com.br\/index.php\/wp-json\/wp\/v2\/types\/post"}],"author":[{"embeddable":true,"href":"https:\/\/portalnewsgta.com.br\/index.php\/wp-json\/wp\/v2\/users\/2"}],"replies":[{"embeddable":true,"href":"https:\/\/portalnewsgta.com.br\/index.php\/wp-json\/wp\/v2\/comments?post=18795"}],"version-history":[{"count":1,"href":"https:\/\/portalnewsgta.com.br\/index.php\/wp-json\/wp\/v2\/posts\/18795\/revisions"}],"predecessor-version":[{"id":18797,"href":"https:\/\/portalnewsgta.com.br\/index.php\/wp-json\/wp\/v2\/posts\/18795\/revisions\/18797"}],"wp:featuredmedia":[{"embeddable":true,"href":"https:\/\/portalnewsgta.com.br\/index.php\/wp-json\/wp\/v2\/media\/18796"}],"wp:attachment":[{"href":"https:\/\/portalnewsgta.com.br\/index.php\/wp-json\/wp\/v2\/media?parent=18795"}],"wp:term":[{"taxonomy":"category","embeddable":true,"href":"https:\/\/portalnewsgta.com.br\/index.php\/wp-json\/wp\/v2\/categories?post=18795"},{"taxonomy":"post_tag","embeddable":true,"href":"https:\/\/portalnewsgta.com.br\/index.php\/wp-json\/wp\/v2\/tags?post=18795"}],"curies":[{"name":"wp","href":"https:\/\/api.w.org\/{rel}","templated":true}]}}