{"id":18755,"date":"2024-07-18T05:42:57","date_gmt":"2024-07-18T08:42:57","guid":{"rendered":"https:\/\/portalnewsgta.com.br\/index.php\/2024\/07\/18\/milei-demite-subsecretario-que-cobrou-desculpas-da-selecao-argentina-apos-cantos-racistas\/"},"modified":"2024-07-18T05:42:57","modified_gmt":"2024-07-18T08:42:57","slug":"milei-demite-subsecretario-que-cobrou-desculpas-da-selecao-argentina-apos-cantos-racistas","status":"publish","type":"post","link":"https:\/\/portalnewsgta.com.br\/index.php\/2024\/07\/18\/milei-demite-subsecretario-que-cobrou-desculpas-da-selecao-argentina-apos-cantos-racistas\/","title":{"rendered":"Milei demite subsecret\u00e1rio que cobrou desculpas da sele\u00e7\u00e3o argentina ap\u00f3s cantos racistas"},"content":{"rendered":"<p>O presidente da Argentina Javier Milei demitiu o subsecret\u00e1rio de Esportes do pa\u00eds, Julio Garro, na noite desta quarta-feira. A demiss\u00e3o ocorreu ap\u00f3s Garro cobrar um pedido de desculpas da sele\u00e7\u00e3o argentina por conta de um canto racista reproduzido na comemora\u00e7\u00e3o do t\u00edtulo da Copa Am\u00e9rica 2024.<\/p>\n<div class=\"dummyPub\">\u00a0<\/div>\n<p>&#8220;A Presid\u00eancia informa que nenhum governo pode dizer o que comentar, o que pensar ou o que fazer \u00e0 Sele\u00e7\u00e3o Argentina, Campe\u00e3 Mundial e Bicampe\u00e3 Americana, ou a qualquer outro cidad\u00e3o. Por isso, Julio Garro deixa de ser Subsecret\u00e1rio de Esportes da Na\u00e7\u00e3o&#8221;, comunicou o governo argentino no X, o antigo Twitter.<\/p>\n<p>Em entrevista ao jornal Corta, o pol\u00edtico intimou Lionel Messi e Claudio Tapia, o presidente da AFA. &#8220;O capit\u00e3o da sele\u00e7\u00e3o nacional deve pedir desculpas. O mesmo que o Presidente da AFA. Isso nos deixa, como pa\u00eds, em uma situa\u00e7\u00e3o ruim depois de tantas gl\u00f3rias&#8221;, disse o subsecret\u00e1rio de Esportes.<\/p>\n<p>Em seu X, o ex-subsecret\u00e1rio tamb\u00e9m se manifestou. Ele agradeceu a Milei por escolh\u00ea-lo para compor seu governo e lamentou a demiss\u00e3o. &#8220;Lamento muito se o meu coment\u00e1rio ofendeu algu\u00e9m, essa nunca foi a minha inten\u00e7\u00e3o. Por isso, coloquei meu cargo \u00e0 disposi\u00e7\u00e3o, mesmo estando sempre do outro lado da discrimina\u00e7\u00e3o em todas as suas formas&#8221;, afirmou Julio Garro.<\/p>\n<p><span class=\"news_bold\">ENTENDA O CASO<\/span><\/p>\n<p>Na madrugada da \u00faltima segunda-feira, um v\u00eddeo viralizou onde jogadores da sele\u00e7\u00e3o argentina cantam uma m\u00fasica racista e transf\u00f3bica contra a sele\u00e7\u00e3o francesa. O momento foi capturado pelo jogador Enzo Fern\u00e1ndez, que fazia uma live no Instagram no \u00f4nibus do time nacional ap\u00f3s a conquista da Copa Am\u00e9rica 2024.<\/p>\n<p>&#8220;Eles jogam pela Fran\u00e7a\/mas s\u00e3o de Angola\/que bom que eles v\u00e3o correr\/se relacionam com travestis\/a m\u00e3e deles \u00e9 nigeriana\/o pai deles cambojano\/mas no passaporte: franc\u00eas&#8221;, afirma a m\u00fasica. Ao perceber o que estava sendo cantado, o jogador do Chelsea alertou os colegas de que estava ao vivo e fechou a live na rede social.<\/p>\n<p>O grito faz refer\u00eancia a ancestralidade dos jogadores franceses, visto que muitos s\u00e3o filhos de imigrantes, e ao boato de que o atacante Kylian Mbapp\u00e9 j\u00e1 se relacionou amorosamente com uma mulher trans, a modelo In\u00e8s Rau.<\/p>\n<p>Enzo Fern\u00e1ndez se pronunciou na noite desta ter\u00e7a-feira, dia 16, e pediu desculpas pelo ocorrido. Em seus stories, Fern\u00e1ndez reconheceu que a can\u00e7\u00e3o transmitida &#8220;cont\u00e9m linguagem ofensiva&#8221; e que n\u00e3o h\u00e1 justificativa para a cantoria argentina.<\/p>\n<p>&#8220;Eu sou contra a descrimina\u00e7\u00e3o em todas as formas e pe\u00e7o perd\u00e3o por ter me entregado a euforia da nossa comemora\u00e7\u00e3o da Copa Am\u00e9rica. O v\u00eddeo, o momento e as palavras n\u00e3o refletem meus valores e meu car\u00e1ter. Eu estou verdadeiramente arrependido&#8221;, disse o volante.<\/p>\n<p>Tamb\u00e9m na ter\u00e7a-feira, a Federa\u00e7\u00e3o Francesa de Futebol anunciou que entrar\u00e1 com uma a\u00e7\u00e3o na Fifa contra os jogadores da Argentina. Am\u00e9lie Oudea-Castera, ministra francesa de esportes, repudiou o ocorrido. &#8220;Pat\u00e9tico. Um comportamento ainda mais inaceit\u00e1vel se for repetido. Fifa, alguma rea\u00e7\u00e3o?&#8221;, indagou a pol\u00edtica.<\/p>\n<p>Fonte: noticiasaominuto.com.br<\/p>\n","protected":false},"excerpt":{"rendered":"<p>O presidente da Argentina Javier Milei demitiu o subsecret\u00e1rio de Esportes do pa\u00eds, Julio Garro,<\/p>\n","protected":false},"author":0,"featured_media":18756,"comment_status":"open","ping_status":"open","sticky":false,"template":"","format":"standard","meta":{"footnotes":""},"categories":[4],"tags":[],"aioseo_notices":[],"_links":{"self":[{"href":"https:\/\/portalnewsgta.com.br\/index.php\/wp-json\/wp\/v2\/posts\/18755"}],"collection":[{"href":"https:\/\/portalnewsgta.com.br\/index.php\/wp-json\/wp\/v2\/posts"}],"about":[{"href":"https:\/\/portalnewsgta.com.br\/index.php\/wp-json\/wp\/v2\/types\/post"}],"replies":[{"embeddable":true,"href":"https:\/\/portalnewsgta.com.br\/index.php\/wp-json\/wp\/v2\/comments?post=18755"}],"version-history":[{"count":0,"href":"https:\/\/portalnewsgta.com.br\/index.php\/wp-json\/wp\/v2\/posts\/18755\/revisions"}],"wp:featuredmedia":[{"embeddable":true,"href":"https:\/\/portalnewsgta.com.br\/index.php\/wp-json\/wp\/v2\/media\/18756"}],"wp:attachment":[{"href":"https:\/\/portalnewsgta.com.br\/index.php\/wp-json\/wp\/v2\/media?parent=18755"}],"wp:term":[{"taxonomy":"category","embeddable":true,"href":"https:\/\/portalnewsgta.com.br\/index.php\/wp-json\/wp\/v2\/categories?post=18755"},{"taxonomy":"post_tag","embeddable":true,"href":"https:\/\/portalnewsgta.com.br\/index.php\/wp-json\/wp\/v2\/tags?post=18755"}],"curies":[{"name":"wp","href":"https:\/\/api.w.org\/{rel}","templated":true}]}}