{"id":18747,"date":"2024-07-18T04:42:37","date_gmt":"2024-07-18T07:42:37","guid":{"rendered":"https:\/\/portalnewsgta.com.br\/index.php\/2024\/07\/18\/apresentadora-diz-que-foi-demitida-da-globo-por-ser-bonita-demais\/"},"modified":"2024-07-18T04:42:37","modified_gmt":"2024-07-18T07:42:37","slug":"apresentadora-diz-que-foi-demitida-da-globo-por-ser-bonita-demais","status":"publish","type":"post","link":"https:\/\/portalnewsgta.com.br\/index.php\/2024\/07\/18\/apresentadora-diz-que-foi-demitida-da-globo-por-ser-bonita-demais\/","title":{"rendered":"Apresentadora diz que foi demitida da Globo por ser &#8216;bonita demais&#8217;"},"content":{"rendered":"<p>RIO DE JANEIRO, RJ (FOLHAPRESS) &#8211; Jana\u00edna Xavier deixou o Grupo Globo em maio de 2022, ap\u00f3s 23 anos de emissora. Em recente entrevista, a ex-apresentadora do SporTV contou que sentiu perder espa\u00e7o no canal por ser considerada pelos outros como uma mulher &#8220;bonita demais&#8221;. Para a jornalista, a emissora buscava &#8220;outros padr\u00f5es&#8221; h\u00e1 exatos dois anos e, por isso, acabou sendo demitida.<\/p>\n<div class=\"dummyPub\">\u00a0<\/div>\n<p>Segundo ela, naquele momento a emissora optou por inserir &#8220;menina mais cheinha&#8221; e &#8220;inclusive, a mulher preta&#8221;. Jana\u00edna ent\u00e3o explicou. &#8220;Teve um certo momento em que eu estava me sentindo tratada como &#8216;voc\u00ea \u00e9 muito bonita para estar aqui&#8217; e a\u00ed tinha aquela coisa de inserir a menina mais &#8216;cheinha&#8217;. Cada um v\u00ea beleza de uma forma, gente. N\u00e3o estou dizendo que a mais cheinha n\u00e3o \u00e9 bonita. Longe disso. Estou falando na vis\u00e3o deles&#8221;, disse ao podcast &#8220;Benja Me Mucho&#8221;, do apresentador Benjamin Back.<\/p>\n<p>Jana\u00edna ressaltou que sempre foi a favor da meritocracia e, hoje, na sua vis\u00e3o a quest\u00e3o gira em torno dos &#8220;perfis diferentes&#8221;. &#8220;Isso \u00e9 na minha vis\u00e3o. Na pressa de mostrar a diversidade quando a quest\u00e3o \u00e9 contratar uma mulher ou um homem, eles v\u00e3o na mulher. Uma mulher preta ou branca, v\u00e3o na preta. Ela \u00e9 cheinha e fora dos padr\u00f5es, a outra \u00e9 muito bonita, perua&#8230; vamos na primeira&#8221;.<\/p>\n<p>Jana\u00edna ainda lembrou que precisou se afastar do trabalho por alguns meses ap\u00f3s engravidar de sua segunda filha, aos 43 anos, durante a pandemia. Ao fim da licen\u00e7a-maternidade, o canal decidiu efetivar a sua substituta Mariana Fontes. &#8220;Sofri e fiquei magoada com pessoas do canal do que com a empresa. Senti pesado Depois que fui demitida, as pessoas sumiram&#8221;.<\/p>\n<p>Leia Tamb\u00e9m: <a href=\"https:\/\/www.noticiasaominuto.com.br\/ultima-hora\/2175276\/silvio-santos-e-internado-com-h1n1-em-sao-paulo-e-passa-por-exames\" target=\"_blank\" rel=\"noopener\">Silvio Santos \u00e9 internado com H1N1 em S\u00e3o Paulo e passa por exames<\/a><\/p>\n<p>Fonte: noticiasaominuto.com.br<\/p>\n","protected":false},"excerpt":{"rendered":"<p>RIO DE JANEIRO, RJ (FOLHAPRESS) &#8211; Jana\u00edna Xavier deixou o Grupo Globo em maio de<\/p>\n","protected":false},"author":0,"featured_media":18748,"comment_status":"open","ping_status":"open","sticky":false,"template":"","format":"standard","meta":{"footnotes":""},"categories":[6],"tags":[],"aioseo_notices":[],"_links":{"self":[{"href":"https:\/\/portalnewsgta.com.br\/index.php\/wp-json\/wp\/v2\/posts\/18747"}],"collection":[{"href":"https:\/\/portalnewsgta.com.br\/index.php\/wp-json\/wp\/v2\/posts"}],"about":[{"href":"https:\/\/portalnewsgta.com.br\/index.php\/wp-json\/wp\/v2\/types\/post"}],"replies":[{"embeddable":true,"href":"https:\/\/portalnewsgta.com.br\/index.php\/wp-json\/wp\/v2\/comments?post=18747"}],"version-history":[{"count":0,"href":"https:\/\/portalnewsgta.com.br\/index.php\/wp-json\/wp\/v2\/posts\/18747\/revisions"}],"wp:featuredmedia":[{"embeddable":true,"href":"https:\/\/portalnewsgta.com.br\/index.php\/wp-json\/wp\/v2\/media\/18748"}],"wp:attachment":[{"href":"https:\/\/portalnewsgta.com.br\/index.php\/wp-json\/wp\/v2\/media?parent=18747"}],"wp:term":[{"taxonomy":"category","embeddable":true,"href":"https:\/\/portalnewsgta.com.br\/index.php\/wp-json\/wp\/v2\/categories?post=18747"},{"taxonomy":"post_tag","embeddable":true,"href":"https:\/\/portalnewsgta.com.br\/index.php\/wp-json\/wp\/v2\/tags?post=18747"}],"curies":[{"name":"wp","href":"https:\/\/api.w.org\/{rel}","templated":true}]}}