{"id":10692,"date":"2024-05-29T17:02:31","date_gmt":"2024-05-29T20:02:31","guid":{"rendered":"https:\/\/portalnewsgta.com.br\/index.php\/2024\/05\/29\/expedicao-ser-familia-mulher-mt-por-elas-e-lancada-em-caceres-com-participacao-da-primeira-dama-do-estado\/"},"modified":"2024-05-29T17:02:31","modified_gmt":"2024-05-29T20:02:31","slug":"expedicao-ser-familia-mulher-mt-por-elas-e-lancada-em-caceres-com-participacao-da-primeira-dama-do-estado","status":"publish","type":"post","link":"https:\/\/portalnewsgta.com.br\/index.php\/2024\/05\/29\/expedicao-ser-familia-mulher-mt-por-elas-e-lancada-em-caceres-com-participacao-da-primeira-dama-do-estado\/","title":{"rendered":"Expedi\u00e7\u00e3o SER Fam\u00edlia Mulher \u2013 MT Por Elas \u00e9 lan\u00e7ada em C\u00e1ceres com participa\u00e7\u00e3o da primeira-dama do Estado"},"content":{"rendered":"<div>\n<div id=\"infocoweb\" data-uuid=\"c4027eb8-d44f-4770-9402-66d060f533e6\" class=\"infocoweb infocoweb_canal_61\">\n<div id=\"infocoweb_cabecalho\" class=\"infocoweb_cabecalho\"><\/div>\n<div id=\"infocoweb_corpo\" class=\"infocoweb_corpo\"><span class=\"ifn_post_add_feature_image_to_the_top\"><\/span><\/p>\n<div style=\"text-align: justify\">A abertura oficial da Expedi\u00e7\u00e3o SER Fam\u00edlia Mulher \u2013 MT Por Elas aconteceu nesta ter\u00e7a-feira (28.05), em C\u00e1ceres, com a presen\u00e7a da primeira-dama do Estado, Virginia Mendes. A primeira-dama \u00e9 idealizadora do programa SER Fam\u00edlia Mulher e tamb\u00e9m respons\u00e1vel pelo projeto itinerante que atender\u00e1 15 regi\u00f5es mapeadas pela Superintend\u00eancia de Pol\u00edticas P\u00fablicas para Mulheres, sob a gest\u00e3o da Secretaria de Estado de Assist\u00eancia Social e Cidadania (Setasc).<\/p>\n<p> A comitiva foi recebida pela prefeita de C\u00e1ceres, Eliene Liberato; servidores da Seguran\u00e7a P\u00fablica, secret\u00e1rios municipais e vereadores.<\/p>\n<p> Com a miss\u00e3o de expandir as a\u00e7\u00f5es especializadas em prote\u00e7\u00e3o \u00e0 mulher e vulner\u00e1veis, a primeira-dama do Estado agradeceu a participa\u00e7\u00e3o de todos que abra\u00e7aram a causa.<\/p>\n<p> \u201cHoje eu quero apenas agradecer a todas as pessoas que n\u00e3o est\u00e3o medindo esfor\u00e7os no enfrentamento \u00e0 viol\u00eancia contra as mulheres e vulner\u00e1veis, que t\u00eam deixado cicatrizes irrepar\u00e1veis nas fam\u00edlias. Estamos fazendo o nosso papel enquanto aguardamos uma medida do Congresso Nacional com leis que realmente impe\u00e7am tantas fatalidades\u201d, afirmou.<\/p>\n<p> Virginia Mendes tamb\u00e9m ressaltou a import\u00e2ncia do apoio da presidente do Tribunal de Justi\u00e7a de Mato Grosso (TJMT), Maria Erotides. \u201cEu tenho uma gratid\u00e3o imensa por toda for\u00e7a e encorajamento que a desembargadora Maria Erotides tem me dado. Foi ela que nos ajudou com a implanta\u00e7\u00e3o da Delegacia 24 Horas da Mulher em Cuiab\u00e1, e desde ent\u00e3o ela tem nos apoiado\u201d, recordou.<\/p>\n<p> A Expedi\u00e7\u00e3o tem a finalidade de mobilizar a\u00e7\u00f5es junto aos munic\u00edpios, implementar pol\u00edticas p\u00fablicas e contribuir para o enfrentamento da viol\u00eancia dom\u00e9stica, redu\u00e7\u00e3o das desigualdades de g\u00eanero e combate ao feminic\u00eddio.<\/p>\n<p> Segundo os n\u00fameros divulgados pela Coordenadoria de Enfrentamento \u00e0 Viol\u00eancia Contra a Mulher e Vulner\u00e1veis, os indicadores apontam que a regional de C\u00e1ceres atualmente tem 361 medidas protetivas em andamento. Dessa etapa regional, est\u00e3o inclu\u00eddos os munic\u00edpios de Araputanga, Mirassol D\u2019Oeste e Porto Esperidi\u00e3o.<\/p>\n<p> A primeira-dama do Estado ainda lembrou os avan\u00e7os com os mecanismos implantados, a exemplo da cria\u00e7\u00e3o da Coordenadoria de Enfrentamento \u00e0 Viol\u00eancia Contra Mulher e Vulner\u00e1vel na Pol\u00edcia Judici\u00e1ria Civil (PJC), que contou com o apoio do secret\u00e1rio de Estado de Seguran\u00e7a P\u00fablica, coronel Roveri; da delegada-geral da PJC, Daniela Maidel; e do deputado estadual Beto Dois a Um, com o encaminhamento da Lei Complementar e a parceria do deputado Max Russi; bem como do compromisso e dedica\u00e7\u00e3o da secret\u00e1ria da Setasc, coronel Grasi Bugalho, e sua equipe.<\/p>\n<p> \u201cCada a\u00e7\u00e3o que fazemos, cada passo que damos \u00e9 gra\u00e7as a essa uni\u00e3o de esfor\u00e7os, porque sozinha eu n\u00e3o seria capaz de caminhar nesta luta\u201d, destacou Virginia Mendes.<\/p>\n<p> Para a prefeita Eliene, o exemplo que a primeira-dama do Estado tem dado \u00e9 fundamental para motivar o desenvolvimento das pol\u00edticas p\u00fablicas. \u201cEu j\u00e1 tinha uma admira\u00e7\u00e3o pela senhora, dona Virginia, hoje admiro muito mais, porque a senhora realmente se importa com essa causa\u201d, afirmou.<\/p>\n<p> Para a desembargadora Maria Erotides, Mato Grosso \u00e9 um Estado aben\u00e7oado por ter uma primeira-dama que realmente se importa com a popula\u00e7\u00e3o, especialmente com a causa das mulheres.<\/p>\n<p> \u201cFeliz o estado de Mato Grosso que tem uma primeira-dama como a senhora, feliz o estado que tem uma primeira-dama que olha para as regi\u00f5es mais carentes, porque esse projeto poderia come\u00e7ar por uma regi\u00e3o muito mais rica, mas C\u00e1ceres foi escolhido. Feliz o Estado que tem uma mulher que, na pandemia, estava l\u00e1 construindo, olhando, brigando com secret\u00e1rios para que a Delegacia 24 Horas da Mulher estivesse funcionando. Somos aben\u00e7oados por ter o olhar sens\u00edvel da primeira-dama Virginia Mendes\u201d, avaliou.<\/p>\n<p> Segundo a procuradora-geral do Estado e presidente da Comiss\u00e3o de Direitos da Mulher da OAB, Glaucia Amaral, Mato Grosso se destaca nas estrat\u00e9gias de combate aos crimes contra mulheres, porque trabalha com sincronia e intelig\u00eancia.<\/p>\n<p> \u201cDesconhe\u00e7o a realidade que vivemos em Mato Grosso em outros estados, onde trabalhamos em unidade, de maneira inteligente e sincronizada. Vale lembrar que a viol\u00eancia dom\u00e9stica n\u00e3o \u00e9 problema apenas das mulheres, mas de toda a sociedade\u201d, pontuou.<\/p>\n<p> \u201cO nosso estado cresce em todos os segmentos, ele \u00e9 refer\u00eancia em todo o Brasil, mas a Assist\u00eancia Social ser t\u00e3o protagonista mostra a grandeza dos projetos capitaneados e idealizados pela primeira-dama Virginia Mendes. Isso demonstra a real preocupa\u00e7\u00e3o com o desenvolvimento de pol\u00edticas p\u00fablicas para toda a popula\u00e7\u00e3o\u201d, observou o deputado estadual Beto Dois a Um.<\/p>\n<p> A delegada-geral da PJC observou a complexidade dos crimes de viol\u00eancia dom\u00e9stica e pontuou o apoio do programa SER Fam\u00edlia Mulher. \u201cA nossa miss\u00e3o \u00e9 investigar crimes, mas a viol\u00eancia \u00e9 um crime complexo. Precis\u00e1vamos, em algum momento, encontrar uma vis\u00e3o diferenciada, e ent\u00e3o surge o programa SER Fam\u00edlia Mulher com o respaldo de toda a rede de prote\u00e7\u00e3o e social\u201d.<\/p>\n<p> Participaram da cerim\u00f4nia de abertura da Expedi\u00e7\u00e3o a secret\u00e1ria da Setasc, Cel. Grasi Bugalho; da Desenvolve MT, Mayran Beckman; a presidente e diretora do F\u00f3rum 4\u00aa Vara C\u00edvel, ju\u00edza Joseane Carla Ribeiro; o coordenador do Minist\u00e9rio P\u00fablico de C\u00e1ceres, Dr. Augusto Lopes; a coordenadora de Enfrentamento \u00e0 Viol\u00eancia Contra Mulher e Vulner\u00e1vel da Pol\u00edcia Civil, delegada Jannira Laranjeira; a promotora Eul\u00e1lia Nat\u00e1lia Silva; a defensora p\u00fablica T\u00e2nia Matos; a delegada Paula Gomes; a promotora Thais Cristina; o presidente da c\u00e2mara de vereadores Luiz Landin; o prefeito de Araputanga, Enilson Rios; o prefeito de Mirassol D\u2019Oeste, H\u00e9ctor Bezerra; a comandante do Corpo de Bombeiros, Major Tamara Secotti; e a presidente do Conselho Municipal dos Direitos Humanos da Mulher, Ellen Campos.<\/p>\n<\/div>\n<p id=\"infocoweb_fonte\" class=\"infocoweb_fonte\">Fonte: Governo MT \u2013 MT<\/p>\n<style>#infocoweb_cabecalho {\n        display: inline-block;\n        margin-top: -75px;\n        position: absolute;\n        right: 0;\n    }\n<\/style>\n<style><\/style>\n<\/div>\n<div id=\"infocoweb_rodape\" class=\"infocoweb_rodape\"><\/div>\n<\/div>\n<p>O post Expedi\u00e7\u00e3o SER Fam\u00edlia Mulher \u2013 MT Por Elas \u00e9 lan\u00e7ada em C\u00e1ceres com participa\u00e7\u00e3o da primeira-dama do Estado apareceu primeiro em Portal MT.<\/p>\n<\/div>\n","protected":false},"excerpt":{"rendered":"<p>A abertura oficial da Expedi\u00e7\u00e3o SER Fam\u00edlia Mulher \u2013 MT Por Elas aconteceu nesta ter\u00e7a-feira<\/p>\n","protected":false},"author":2,"featured_media":10693,"comment_status":"registered_only","ping_status":"closed","sticky":false,"template":"","format":"standard","meta":{"footnotes":""},"categories":[7],"tags":[],"aioseo_notices":[],"_links":{"self":[{"href":"https:\/\/portalnewsgta.com.br\/index.php\/wp-json\/wp\/v2\/posts\/10692"}],"collection":[{"href":"https:\/\/portalnewsgta.com.br\/index.php\/wp-json\/wp\/v2\/posts"}],"about":[{"href":"https:\/\/portalnewsgta.com.br\/index.php\/wp-json\/wp\/v2\/types\/post"}],"author":[{"embeddable":true,"href":"https:\/\/portalnewsgta.com.br\/index.php\/wp-json\/wp\/v2\/users\/2"}],"replies":[{"embeddable":true,"href":"https:\/\/portalnewsgta.com.br\/index.php\/wp-json\/wp\/v2\/comments?post=10692"}],"version-history":[{"count":0,"href":"https:\/\/portalnewsgta.com.br\/index.php\/wp-json\/wp\/v2\/posts\/10692\/revisions"}],"wp:featuredmedia":[{"embeddable":true,"href":"https:\/\/portalnewsgta.com.br\/index.php\/wp-json\/wp\/v2\/media\/10693"}],"wp:attachment":[{"href":"https:\/\/portalnewsgta.com.br\/index.php\/wp-json\/wp\/v2\/media?parent=10692"}],"wp:term":[{"taxonomy":"category","embeddable":true,"href":"https:\/\/portalnewsgta.com.br\/index.php\/wp-json\/wp\/v2\/categories?post=10692"},{"taxonomy":"post_tag","embeddable":true,"href":"https:\/\/portalnewsgta.com.br\/index.php\/wp-json\/wp\/v2\/tags?post=10692"}],"curies":[{"name":"wp","href":"https:\/\/api.w.org\/{rel}","templated":true}]}}